{"id":8656,"date":"2026-09-05T20:13:28","date_gmt":"2026-09-05T23:13:28","guid":{"rendered":"https:\/\/infoelnordeste.com\/index.php\/2026\/09\/05\/choque-frontal-entre-dos-camiones-dejo-un-muerto-en-la-ruta-nacional-119\/"},"modified":"2026-09-05T20:13:28","modified_gmt":"2026-09-05T23:13:28","slug":"choque-frontal-entre-dos-camiones-dejo-un-muerto-en-la-ruta-nacional-119","status":"publish","type":"post","link":"https:\/\/infoelnordeste.com\/index.php\/2026\/09\/05\/choque-frontal-entre-dos-camiones-dejo-un-muerto-en-la-ruta-nacional-119\/","title":{"rendered":"CHOQUE FRONTAL ENTRE DOS CAMIONES DEJ\u00d3 UN MUERTO EN LA RUTA NACIONAL 119"},"content":{"rendered":"<p>Un hombre muri\u00f3 como consecuencia de las graves lesiones sufridas tras un choque frontal entre dos camiones ocurrido durante la madrugada de este s\u00e1bado sobre la Ruta Nacional 119, en la provincia de Corrientes.<\/p>\n<p>De acuerdo con la informaci\u00f3n difundida por el sitio Tu Mercedes, el siniestro se registr\u00f3 alrededor de las 2, a la altura del kil\u00f3metro 107 de la mencionada ruta nacional.<\/p>\n<p>Por causas que son materia de investigaci\u00f3n, colisionaron de frente un cami\u00f3n Volkswagen, que circulaba con acoplado, y otro veh\u00edculo de transporte de carga marca Mercedes-Benz.<\/p>\n<p>Como consecuencia del impacto, uno de los conductores, identificado con el apellido C\u00e1rcamo, sufri\u00f3 graves lesiones y fue trasladado de urgencia al hospital de Mercedes.<\/p>\n<p>Pese a la asistencia m\u00e9dica recibida, el hombre falleci\u00f3 a causa de las heridas sufridas en el siniestro.<\/p>\n<p>Las circunstancias en las que se produjo el choque son investigadas por las autoridades correspondientes.<\/p>\n","protected":false},"excerpt":{"rendered":"<p>Un hombre muri\u00f3 como consecuencia [&hellip;]<\/p>\n","protected":false},"author":1,"featured_media":8657,"comment_status":"","ping_status":"","sticky":false,"template":"","format":"standard","meta":{"footnotes":""},"categories":[115],"tags":[],"class_list":["post-8656","post","type-post","status-publish","format-standard","has-post-thumbnail","hentry","category-policiales"],"_links":{"self":[{"href":"https:\/\/infoelnordeste.com\/index.php\/wp-json\/wp\/v2\/posts\/8656","targetHints":{"allow":["GET"]}}],"collection":[{"href":"https:\/\/infoelnordeste.com\/index.php\/wp-json\/wp\/v2\/posts"}],"about":[{"href":"https:\/\/infoelnordeste.com\/index.php\/wp-json\/wp\/v2\/types\/post"}],"author":[{"embeddable":true,"href":"https:\/\/infoelnordeste.com\/index.php\/wp-json\/wp\/v2\/users\/1"}],"replies":[{"embeddable":true,"href":"https:\/\/infoelnordeste.com\/index.php\/wp-json\/wp\/v2\/comments?post=8656"}],"version-history":[{"count":0,"href":"https:\/\/infoelnordeste.com\/index.php\/wp-json\/wp\/v2\/posts\/8656\/revisions"}],"wp:featuredmedia":[{"embeddable":true,"href":"https:\/\/infoelnordeste.com\/index.php\/wp-json\/wp\/v2\/media\/8657"}],"wp:attachment":[{"href":"https:\/\/infoelnordeste.com\/index.php\/wp-json\/wp\/v2\/media?parent=8656"}],"wp:term":[{"taxonomy":"category","embeddable":true,"href":"https:\/\/infoelnordeste.com\/index.php\/wp-json\/wp\/v2\/categories?post=8656"},{"taxonomy":"post_tag","embeddable":true,"href":"https:\/\/infoelnordeste.com\/index.php\/wp-json\/wp\/v2\/tags?post=8656"}],"curies":[{"name":"wp","href":"https:\/\/api.w.org\/{rel}","templated":true}]}}