{"id":8650,"date":"2026-09-05T20:13:28","date_gmt":"2026-09-05T23:13:28","guid":{"rendered":"https:\/\/infoelnordeste.com\/index.php\/2026\/09\/05\/primavera-en-corrientes-anticipan-mas-calor-y-lluvias-por-encima-de-lo-normal\/"},"modified":"2026-09-05T20:13:28","modified_gmt":"2026-09-05T23:13:28","slug":"primavera-en-corrientes-anticipan-mas-calor-y-lluvias-por-encima-de-lo-normal","status":"publish","type":"post","link":"https:\/\/infoelnordeste.com\/index.php\/2026\/09\/05\/primavera-en-corrientes-anticipan-mas-calor-y-lluvias-por-encima-de-lo-normal\/","title":{"rendered":"PRIMAVERA EN CORRIENTES: ANTICIPAN M\u00c1S CALOR Y LLUVIAS POR ENCIMA DE LO NORMAL"},"content":{"rendered":"<p>Corrientes se prepara para una primavera con mayores probabilidades de lluvias por encima de los valores normales y temperaturas que podr\u00edan ubicarse entre los registros habituales y valores superiores. El escenario clim\u00e1tico previsto para septiembre, octubre y noviembre tambi\u00e9n se encuentra en l\u00ednea con las condiciones asociadas a una posible llegada del fen\u00f3meno de El Ni\u00f1o a la regi\u00f3n.<\/p>\n<p>Para las precipitaciones, Corrientes presenta una probabilidad superior al 55% de registrar valores por encima de lo normal durante el trimestre, un escenario que tambi\u00e9n alcanza a buena parte del Nordeste Argentino (NEA). En cuanto a las temperaturas, las proyecciones indican una mayor posibilidad de registros normales o superiores a lo habitual, aunque en este caso la probabilidad se ubica entre el 40% y el 45%.<\/p>\n","protected":false},"excerpt":{"rendered":"<p>Corrientes se prepara para una [&hellip;]<\/p>\n","protected":false},"author":1,"featured_media":8651,"comment_status":"","ping_status":"","sticky":false,"template":"","format":"standard","meta":{"footnotes":""},"categories":[27],"tags":[],"class_list":["post-8650","post","type-post","status-publish","format-standard","has-post-thumbnail","hentry","category-sociedad"],"_links":{"self":[{"href":"https:\/\/infoelnordeste.com\/index.php\/wp-json\/wp\/v2\/posts\/8650","targetHints":{"allow":["GET"]}}],"collection":[{"href":"https:\/\/infoelnordeste.com\/index.php\/wp-json\/wp\/v2\/posts"}],"about":[{"href":"https:\/\/infoelnordeste.com\/index.php\/wp-json\/wp\/v2\/types\/post"}],"author":[{"embeddable":true,"href":"https:\/\/infoelnordeste.com\/index.php\/wp-json\/wp\/v2\/users\/1"}],"replies":[{"embeddable":true,"href":"https:\/\/infoelnordeste.com\/index.php\/wp-json\/wp\/v2\/comments?post=8650"}],"version-history":[{"count":0,"href":"https:\/\/infoelnordeste.com\/index.php\/wp-json\/wp\/v2\/posts\/8650\/revisions"}],"wp:featuredmedia":[{"embeddable":true,"href":"https:\/\/infoelnordeste.com\/index.php\/wp-json\/wp\/v2\/media\/8651"}],"wp:attachment":[{"href":"https:\/\/infoelnordeste.com\/index.php\/wp-json\/wp\/v2\/media?parent=8650"}],"wp:term":[{"taxonomy":"category","embeddable":true,"href":"https:\/\/infoelnordeste.com\/index.php\/wp-json\/wp\/v2\/categories?post=8650"},{"taxonomy":"post_tag","embeddable":true,"href":"https:\/\/infoelnordeste.com\/index.php\/wp-json\/wp\/v2\/tags?post=8650"}],"curies":[{"name":"wp","href":"https:\/\/api.w.org\/{rel}","templated":true}]}}