{"id":8648,"date":"2026-09-05T20:13:28","date_gmt":"2026-09-05T23:13:28","guid":{"rendered":"https:\/\/infoelnordeste.com\/index.php\/2026\/09\/05\/corrientes-comenzo-la-92-peregrinacion-de-la-virgen-del-rosario-rumbo-a-itati\/"},"modified":"2026-09-05T20:13:28","modified_gmt":"2026-09-05T23:13:28","slug":"corrientes-comenzo-la-92-peregrinacion-de-la-virgen-del-rosario-rumbo-a-itati","status":"publish","type":"post","link":"https:\/\/infoelnordeste.com\/index.php\/2026\/09\/05\/corrientes-comenzo-la-92-peregrinacion-de-la-virgen-del-rosario-rumbo-a-itati\/","title":{"rendered":"CORRIENTES: COMENZ\u00d3 LA 92\u00b0 PEREGRINACI\u00d3N DE LA VIRGEN DEL ROSARIO RUMBO A ITAT\u00cd"},"content":{"rendered":"<p>La 92\u00b0 Peregrinaci\u00f3n de la Virgen del Rosario parti\u00f3 este s\u00e1bado desde Corrientes rumbo a Itat\u00ed. Los fieles iniciaron la marcha a las 2:45, luego de la celebraci\u00f3n de la Santa Misa.<\/p>\n<p>Durante esta noche, la columna descansar\u00e1 en la capilla del paradero de la Virgen del Rosario en Ensenada Grande. El recorrido continuar\u00e1 ma\u00f1ana a las 8, con el ingreso a Itat\u00ed previsto para alrededor de las 17.<\/p>\n<p>Unas cuadras antes de llegar a la Bas\u00edlica, los peregrinos ser\u00e1n recibidos por la imagen peregrina de la Virgen de Itat\u00ed. La jornada marcar\u00e1 el cierre de la primera etapa de la tradicional peregrinaci\u00f3n.<\/p>\n<p>C\u00f3mo ser\u00e1 el regreso a Corrientes<br \/>\nEl martes 8, los peregrinos participar\u00e1n de la fiesta de la Natividad de la Virgen Mar\u00eda. Luego, al d\u00eda siguiente, emprender\u00e1n el regreso hacia la ciudad de Corrientes.<\/p>\n<p>La llegada est\u00e1 prevista para el jueves 10, alrededor de las 14, en la sede ubicada sobre la calle Espa\u00f1a 657. All\u00ed finalizar\u00e1 el recorrido de esta edici\u00f3n de la peregrinaci\u00f3n.<\/p>\n","protected":false},"excerpt":{"rendered":"<p>La 92\u00b0 Peregrinaci\u00f3n de la [&hellip;]<\/p>\n","protected":false},"author":1,"featured_media":8649,"comment_status":"","ping_status":"","sticky":false,"template":"","format":"standard","meta":{"footnotes":""},"categories":[496],"tags":[],"class_list":["post-8648","post","type-post","status-publish","format-standard","has-post-thumbnail","hentry","category-informacion-general"],"_links":{"self":[{"href":"https:\/\/infoelnordeste.com\/index.php\/wp-json\/wp\/v2\/posts\/8648","targetHints":{"allow":["GET"]}}],"collection":[{"href":"https:\/\/infoelnordeste.com\/index.php\/wp-json\/wp\/v2\/posts"}],"about":[{"href":"https:\/\/infoelnordeste.com\/index.php\/wp-json\/wp\/v2\/types\/post"}],"author":[{"embeddable":true,"href":"https:\/\/infoelnordeste.com\/index.php\/wp-json\/wp\/v2\/users\/1"}],"replies":[{"embeddable":true,"href":"https:\/\/infoelnordeste.com\/index.php\/wp-json\/wp\/v2\/comments?post=8648"}],"version-history":[{"count":0,"href":"https:\/\/infoelnordeste.com\/index.php\/wp-json\/wp\/v2\/posts\/8648\/revisions"}],"wp:featuredmedia":[{"embeddable":true,"href":"https:\/\/infoelnordeste.com\/index.php\/wp-json\/wp\/v2\/media\/8649"}],"wp:attachment":[{"href":"https:\/\/infoelnordeste.com\/index.php\/wp-json\/wp\/v2\/media?parent=8648"}],"wp:term":[{"taxonomy":"category","embeddable":true,"href":"https:\/\/infoelnordeste.com\/index.php\/wp-json\/wp\/v2\/categories?post=8648"},{"taxonomy":"post_tag","embeddable":true,"href":"https:\/\/infoelnordeste.com\/index.php\/wp-json\/wp\/v2\/tags?post=8648"}],"curies":[{"name":"wp","href":"https:\/\/api.w.org\/{rel}","templated":true}]}}