{"id":8646,"date":"2026-09-04T21:19:23","date_gmt":"2026-09-05T00:19:23","guid":{"rendered":"https:\/\/infoelnordeste.com\/index.php\/2026\/09\/04\/valdes-presento-en-iguazu-el-modelo-correntino-para-atraer-inversiones-y-generar-desarrollo\/"},"modified":"2026-09-04T21:19:23","modified_gmt":"2026-09-05T00:19:23","slug":"valdes-presento-en-iguazu-el-modelo-correntino-para-atraer-inversiones-y-generar-desarrollo","status":"publish","type":"post","link":"https:\/\/infoelnordeste.com\/index.php\/2026\/09\/04\/valdes-presento-en-iguazu-el-modelo-correntino-para-atraer-inversiones-y-generar-desarrollo\/","title":{"rendered":"VALD\u00c9S PRESENT\u00d3 EN IGUAZ\u00da EL MODELO CORRENTINO PARA ATRAER INVERSIONES Y GENERAR DESARROLLO"},"content":{"rendered":"<p>El gobernador de Corrientes, Juan Pablo Vald\u00e9s, particip\u00f3 este viernes en Iguaz\u00fa, Misiones, de la 47\u00b0 Convenci\u00f3n Anual del Instituto Argentino de Ejecutivos de Finanzas (IAEF), denominada &#8220;Argentina: de la estabilidad al crecimiento. C\u00f3mo generar competitividad sostenida&#8221;. El encuentro re\u00fane a dirigentes pol\u00edticos, empresarios, economistas y representantes del sector financiero para analizar las perspectivas econ\u00f3micas y productivas del pa\u00eds.<\/p>\n<p>En el marco del panel &#8220;El rol de las provincias en la transformaci\u00f3n competitiva del pa\u00eds&#8221;, Vald\u00e9s comparti\u00f3 la realidad de Corrientes junto a los gobernadores de Mendoza, Alfredo Cornejo; Catamarca, Ra\u00fal Jalil; y Misiones, Hugo Passalacqua. En ese \u00e1mbito, puso el foco en las pol\u00edticas que impulsa la provincia para generar condiciones favorables para la inversi\u00f3n y ampliar las oportunidades de crecimiento y desarrollo productivo.<\/p>\n<p>Sobre puertos, industria<\/p>\n<p>Con respecto, a esto, Juan Pablo Vald\u00e9s destac\u00f3 el movimiento que comienza a registrarse en el puerto de Corrientes y la llegada de inversiones vinculadas a la industria. Destac\u00f3 la llegada de la primera planta industrial de CLT a la provincia, \u00fanica en el pa\u00eds y que se instalar\u00e1 en la localidad de Virasoro.<\/p>\n<p>En relaci\u00f3n con la cuesti\u00f3n tributaria, Vald\u00e9s destac\u00f3 que Corrientes se encuentra entre las provincias con menor presi\u00f3n fiscal y puso en valor el marco normativo que, seg\u00fan explic\u00f3, busca proteger y promover las inversiones.<\/p>\n<p> &#8220;Corrientes es una de las provincias que menor presi\u00f3n fiscal tiene y tiene una Ley 5.470, un marco normativo que protege las inversiones&#8221;, se\u00f1al\u00f3 el gobernador.<\/p>\n<p>Vald\u00e9s adelant\u00f3 que la provincia est\u00e1 incorporando nuevos convenios con los municipios para reducir las tasas municipales, y disminuir la presi\u00f3n tributaria.  &#8220;En Corrientes entendimos que lo mejor que podemos hacer es acompa\u00f1ar al privado y acompa\u00f1ar al crecimiento de los 19 parques industriales&#8221;, afirm\u00f3.<\/p>\n<p>En esa l\u00ednea, sostuvo que el objetivo del Gobierno provincial es generar condiciones para que las empresas puedan concentrarse en producir, generar oportunidades y contribuir al crecimiento econ\u00f3mico de los correntinos. &#8220;Para que hagan lo que saben hacer que es producir y desde nuestro lugar generar oportunidades y darles crecimiento a todos los correntinos&#8221;, afirm\u00f3.<\/p>\n<p>Al finalizar Vald\u00e9s destac\u00f3 el potencial productivo de las provincias y remarc\u00f3 que &#8220;en el interior est\u00e1 la gran riqueza del pa\u00eds&#8221;, por lo que consider\u00f3 necesario generar las condiciones para que ese potencial pueda traducirse en desarrollo y oportunidades.<\/p>\n","protected":false},"excerpt":{"rendered":"<p>El gobernador de Corrientes, Juan [&hellip;]<\/p>\n","protected":false},"author":1,"featured_media":8647,"comment_status":"","ping_status":"","sticky":false,"template":"","format":"standard","meta":{"footnotes":""},"categories":[110],"tags":[],"class_list":["post-8646","post","type-post","status-publish","format-standard","has-post-thumbnail","hentry","category-politica"],"_links":{"self":[{"href":"https:\/\/infoelnordeste.com\/index.php\/wp-json\/wp\/v2\/posts\/8646","targetHints":{"allow":["GET"]}}],"collection":[{"href":"https:\/\/infoelnordeste.com\/index.php\/wp-json\/wp\/v2\/posts"}],"about":[{"href":"https:\/\/infoelnordeste.com\/index.php\/wp-json\/wp\/v2\/types\/post"}],"author":[{"embeddable":true,"href":"https:\/\/infoelnordeste.com\/index.php\/wp-json\/wp\/v2\/users\/1"}],"replies":[{"embeddable":true,"href":"https:\/\/infoelnordeste.com\/index.php\/wp-json\/wp\/v2\/comments?post=8646"}],"version-history":[{"count":0,"href":"https:\/\/infoelnordeste.com\/index.php\/wp-json\/wp\/v2\/posts\/8646\/revisions"}],"wp:featuredmedia":[{"embeddable":true,"href":"https:\/\/infoelnordeste.com\/index.php\/wp-json\/wp\/v2\/media\/8647"}],"wp:attachment":[{"href":"https:\/\/infoelnordeste.com\/index.php\/wp-json\/wp\/v2\/media?parent=8646"}],"wp:term":[{"taxonomy":"category","embeddable":true,"href":"https:\/\/infoelnordeste.com\/index.php\/wp-json\/wp\/v2\/categories?post=8646"},{"taxonomy":"post_tag","embeddable":true,"href":"https:\/\/infoelnordeste.com\/index.php\/wp-json\/wp\/v2\/tags?post=8646"}],"curies":[{"name":"wp","href":"https:\/\/api.w.org\/{rel}","templated":true}]}}