{"id":8642,"date":"2026-09-04T21:17:23","date_gmt":"2026-09-05T00:17:23","guid":{"rendered":"https:\/\/infoelnordeste.com\/index.php\/2026\/09\/04\/una-base-antartica-satelites-y-un-nuevo-proyecto-de-ley-el-otro-lado-de-los-anuncios-de-javier-milei\/"},"modified":"2026-09-04T21:17:23","modified_gmt":"2026-09-05T00:17:23","slug":"una-base-antartica-satelites-y-un-nuevo-proyecto-de-ley-el-otro-lado-de-los-anuncios-de-javier-milei","status":"publish","type":"post","link":"https:\/\/infoelnordeste.com\/index.php\/2026\/09\/04\/una-base-antartica-satelites-y-un-nuevo-proyecto-de-ley-el-otro-lado-de-los-anuncios-de-javier-milei\/","title":{"rendered":"UNA BASE ANT\u00c1RTICA, SAT\u00c9LITES Y UN NUEVO PROYECTO DE LEY: EL OTRO LADO DE LOS ANUNCIOS DE JAVIER MILEI"},"content":{"rendered":"<p>El presidente Javier Milei brind\u00f3 ayer una cadena nacional en la que volvi\u00f3 a reclamar la soberan\u00eda argentina sobre las Islas Malvinas y anunci\u00f3 una serie de medidas vinculadas a ese tema, las cuales se traducen en un proyecto a enviarse en los pr\u00f3ximos d\u00edas al Congreso de la Naci\u00f3n y una serie de acciones del propio Poder Ejecutivo para incrementar capacidades militares.<\/p>\n<p>En el mensaje transmitido este jueves, Milei firm\u00f3 un decreto para agilizar los procedimientos sancionatorios de la Ley 26.659 contra empresas que participen en extracciones de petr\u00f3leo en el archipi\u00e9lago bajo ocupaci\u00f3n brit\u00e1nica, lo que dejar\u00e1 a esas compa\u00f1\u00edas inhabilitadas para operar en Argentina.<\/p>\n<p>A mediano plazo, el mandatario anunci\u00f3 el env\u00edo urgente al Congreso de un proyecto de Ley de Defensa de la Soberan\u00eda Nacional, que endurecer\u00eda las penas contra operaciones no autorizadas y crear\u00eda el Consejo de Seguridad Nacional, un organismo de aplicaci\u00f3n transversal que articular\u00eda Canciller\u00eda, Defensa, Inteligencia y Econom\u00eda.<\/p>\n<p>Adem\u00e1s, el Gobierno destinar\u00e1 fondos adicionales al Ministerio de Defensa para construir una base naval integrada en Tierra del Fuego, con el objetivo de convertir a la zona en el principal polo log\u00edstico del Atl\u00e1ntico Sur.<\/p>\n<p>Hay avances que ya se conocieron esta misma jornada con la publicaci\u00f3n del Bolet\u00edn Oficial a trav\u00e9s de tres medidas. Uno de los decretos reglament\u00f3 sanciones y excluir\u00e1 del RIGI a empresas vinculadas con explotaciones hidrocarbur\u00edferas no autorizadas como las que implementan las compa\u00f1\u00edas brit\u00e1nica Rockhopper e israel\u00ed Navitas a trav\u00e9s del proyecto Sea Lion. En paralelo, Milei firm\u00f3 un DNU que modifica ciertas partidas presupuestarias, que tambi\u00e9n se materializaron a trav\u00e9s de una Decisi\u00f3n Administrativa rubricada por el jefe de Gabinete Diego Santilli.<\/p>\n","protected":false},"excerpt":{"rendered":"<p>El presidente Javier Milei brind\u00f3 [&hellip;]<\/p>\n","protected":false},"author":1,"featured_media":8643,"comment_status":"","ping_status":"","sticky":false,"template":"","format":"standard","meta":{"footnotes":""},"categories":[3],"tags":[],"class_list":["post-8642","post","type-post","status-publish","format-standard","has-post-thumbnail","hentry","category-nacionales"],"_links":{"self":[{"href":"https:\/\/infoelnordeste.com\/index.php\/wp-json\/wp\/v2\/posts\/8642","targetHints":{"allow":["GET"]}}],"collection":[{"href":"https:\/\/infoelnordeste.com\/index.php\/wp-json\/wp\/v2\/posts"}],"about":[{"href":"https:\/\/infoelnordeste.com\/index.php\/wp-json\/wp\/v2\/types\/post"}],"author":[{"embeddable":true,"href":"https:\/\/infoelnordeste.com\/index.php\/wp-json\/wp\/v2\/users\/1"}],"replies":[{"embeddable":true,"href":"https:\/\/infoelnordeste.com\/index.php\/wp-json\/wp\/v2\/comments?post=8642"}],"version-history":[{"count":0,"href":"https:\/\/infoelnordeste.com\/index.php\/wp-json\/wp\/v2\/posts\/8642\/revisions"}],"wp:featuredmedia":[{"embeddable":true,"href":"https:\/\/infoelnordeste.com\/index.php\/wp-json\/wp\/v2\/media\/8643"}],"wp:attachment":[{"href":"https:\/\/infoelnordeste.com\/index.php\/wp-json\/wp\/v2\/media?parent=8642"}],"wp:term":[{"taxonomy":"category","embeddable":true,"href":"https:\/\/infoelnordeste.com\/index.php\/wp-json\/wp\/v2\/categories?post=8642"},{"taxonomy":"post_tag","embeddable":true,"href":"https:\/\/infoelnordeste.com\/index.php\/wp-json\/wp\/v2\/tags?post=8642"}],"curies":[{"name":"wp","href":"https:\/\/api.w.org\/{rel}","templated":true}]}}