{"id":8640,"date":"2026-09-04T21:17:23","date_gmt":"2026-09-05T00:17:23","guid":{"rendered":"https:\/\/infoelnordeste.com\/index.php\/2026\/09\/04\/hito-industrial-en-argentina-corrientes-recibio-la-maquinaria-para-la-primera-planta-de-madera-contralaminada-del-pais\/"},"modified":"2026-09-04T21:17:23","modified_gmt":"2026-09-05T00:17:23","slug":"hito-industrial-en-argentina-corrientes-recibio-la-maquinaria-para-la-primera-planta-de-madera-contralaminada-del-pais","status":"publish","type":"post","link":"https:\/\/infoelnordeste.com\/index.php\/2026\/09\/04\/hito-industrial-en-argentina-corrientes-recibio-la-maquinaria-para-la-primera-planta-de-madera-contralaminada-del-pais\/","title":{"rendered":"HITO INDUSTRIAL EN ARGENTINA: CORRIENTES RECIBI\u00d3 LA MAQUINARIA PARA LA PRIMERA PLANTA DE MADERA CONTRALAMINADA DEL PA\u00cdS"},"content":{"rendered":"<p>El Puerto de Corrientes fue escenario este mi\u00e9rcoles de un hecho hist\u00f3rico para el sector productivo nacional con la descarga de la maquinaria destinada a la primera planta de madera contralaminada (CLT) de la Argentina. El equipamiento ser\u00e1 instalado pr\u00f3ximamente en la localidad de Virasoro, marcando un avance sin precedentes para la industrializaci\u00f3n del sector forestal en la provincia y en todo el territorio nacional.<\/p>\n<p>M\u00e1s trabajo y valor agregado local<br \/>\nEl gobernador Juan Pablo Vald\u00e9s recorri\u00f3 las instalaciones de la terminal portuaria para supervisar el operativo y destac\u00f3 la magnitud de esta inversi\u00f3n privada. Durante su visita, el mandatario expres\u00f3 su satisfacci\u00f3n por recibir la maquinaria en la capital y agradeci\u00f3 a la firma Cambium Build por apostar al potencial de la materia prima correntina.<\/p>\n<p>\u00abEsto va a significar m\u00e1s trabajo, m\u00e1s transformaci\u00f3n de materia prima y m\u00e1s oportunidades para los correntinos\u00bb, afirm\u00f3 el mandatario provincial, catalogando la llegada de la planta como un hito important\u00edsimo.<\/p>\n","protected":false},"excerpt":{"rendered":"<p>El Puerto de Corrientes fue [&hellip;]<\/p>\n","protected":false},"author":1,"featured_media":8641,"comment_status":"","ping_status":"","sticky":false,"template":"","format":"standard","meta":{"footnotes":""},"categories":[50],"tags":[],"class_list":["post-8640","post","type-post","status-publish","format-standard","has-post-thumbnail","hentry","category-economia"],"_links":{"self":[{"href":"https:\/\/infoelnordeste.com\/index.php\/wp-json\/wp\/v2\/posts\/8640","targetHints":{"allow":["GET"]}}],"collection":[{"href":"https:\/\/infoelnordeste.com\/index.php\/wp-json\/wp\/v2\/posts"}],"about":[{"href":"https:\/\/infoelnordeste.com\/index.php\/wp-json\/wp\/v2\/types\/post"}],"author":[{"embeddable":true,"href":"https:\/\/infoelnordeste.com\/index.php\/wp-json\/wp\/v2\/users\/1"}],"replies":[{"embeddable":true,"href":"https:\/\/infoelnordeste.com\/index.php\/wp-json\/wp\/v2\/comments?post=8640"}],"version-history":[{"count":0,"href":"https:\/\/infoelnordeste.com\/index.php\/wp-json\/wp\/v2\/posts\/8640\/revisions"}],"wp:featuredmedia":[{"embeddable":true,"href":"https:\/\/infoelnordeste.com\/index.php\/wp-json\/wp\/v2\/media\/8641"}],"wp:attachment":[{"href":"https:\/\/infoelnordeste.com\/index.php\/wp-json\/wp\/v2\/media?parent=8640"}],"wp:term":[{"taxonomy":"category","embeddable":true,"href":"https:\/\/infoelnordeste.com\/index.php\/wp-json\/wp\/v2\/categories?post=8640"},{"taxonomy":"post_tag","embeddable":true,"href":"https:\/\/infoelnordeste.com\/index.php\/wp-json\/wp\/v2\/tags?post=8640"}],"curies":[{"name":"wp","href":"https:\/\/api.w.org\/{rel}","templated":true}]}}