{"id":8636,"date":"2026-09-04T21:17:23","date_gmt":"2026-09-05T00:17:23","guid":{"rendered":"https:\/\/infoelnordeste.com\/index.php\/2026\/09\/04\/dos-mujeres-heridas-tras-un-choque-entre-una-moto-y-una-bicicleta\/"},"modified":"2026-09-04T21:17:23","modified_gmt":"2026-09-05T00:17:23","slug":"dos-mujeres-heridas-tras-un-choque-entre-una-moto-y-una-bicicleta","status":"publish","type":"post","link":"https:\/\/infoelnordeste.com\/index.php\/2026\/09\/04\/dos-mujeres-heridas-tras-un-choque-entre-una-moto-y-una-bicicleta\/","title":{"rendered":"DOS MUJERES HERIDAS TRAS UN CHOQUE ENTRE UNA MOTO Y UNA BICICLETA"},"content":{"rendered":"<p>Un accidente de tr\u00e1nsito se registr\u00f3 en la intersecci\u00f3n de avenida 3 de Abril y calle Catamarca, donde una motociclista embisti\u00f3 a una mujer que circulaba en bicicleta.<\/p>\n<p>Como consecuencia del impacto, la conductora de la motocicleta y la ciclista resultaron heridas y debieron recibir asistencia m\u00e9dica en el lugar.<\/p>\n<p>Personal del 911 intervino inicialmente y solicit\u00f3 la presencia del servicio de emergencias 107, que examin\u00f3 a ambas mujeres.<\/p>\n<p>Luego, la motociclista y la ciclista fueron trasladadas al Hospital Escuela para recibir atenci\u00f3n m\u00e9dica.<\/p>\n<p>Las circunstancias y la mec\u00e1nica del siniestro quedaron sujetas a las actuaciones correspondientes de las autoridades intervinientes.<\/p>\n","protected":false},"excerpt":{"rendered":"<p>Un accidente de tr\u00e1nsito se [&hellip;]<\/p>\n","protected":false},"author":1,"featured_media":8637,"comment_status":"","ping_status":"","sticky":false,"template":"","format":"standard","meta":{"footnotes":""},"categories":[115],"tags":[],"class_list":["post-8636","post","type-post","status-publish","format-standard","has-post-thumbnail","hentry","category-policiales"],"_links":{"self":[{"href":"https:\/\/infoelnordeste.com\/index.php\/wp-json\/wp\/v2\/posts\/8636","targetHints":{"allow":["GET"]}}],"collection":[{"href":"https:\/\/infoelnordeste.com\/index.php\/wp-json\/wp\/v2\/posts"}],"about":[{"href":"https:\/\/infoelnordeste.com\/index.php\/wp-json\/wp\/v2\/types\/post"}],"author":[{"embeddable":true,"href":"https:\/\/infoelnordeste.com\/index.php\/wp-json\/wp\/v2\/users\/1"}],"replies":[{"embeddable":true,"href":"https:\/\/infoelnordeste.com\/index.php\/wp-json\/wp\/v2\/comments?post=8636"}],"version-history":[{"count":0,"href":"https:\/\/infoelnordeste.com\/index.php\/wp-json\/wp\/v2\/posts\/8636\/revisions"}],"wp:featuredmedia":[{"embeddable":true,"href":"https:\/\/infoelnordeste.com\/index.php\/wp-json\/wp\/v2\/media\/8637"}],"wp:attachment":[{"href":"https:\/\/infoelnordeste.com\/index.php\/wp-json\/wp\/v2\/media?parent=8636"}],"wp:term":[{"taxonomy":"category","embeddable":true,"href":"https:\/\/infoelnordeste.com\/index.php\/wp-json\/wp\/v2\/categories?post=8636"},{"taxonomy":"post_tag","embeddable":true,"href":"https:\/\/infoelnordeste.com\/index.php\/wp-json\/wp\/v2\/tags?post=8636"}],"curies":[{"name":"wp","href":"https:\/\/api.w.org\/{rel}","templated":true}]}}