{"id":8628,"date":"2026-09-03T19:16:36","date_gmt":"2026-09-03T22:16:36","guid":{"rendered":"https:\/\/infoelnordeste.com\/index.php\/2026\/09\/03\/gustavo-valdes-defendio-el-equilibrio-fiscal-y-el-federalismo-en-un-acto-en-bella-vista\/"},"modified":"2026-09-03T19:16:36","modified_gmt":"2026-09-03T22:16:36","slug":"gustavo-valdes-defendio-el-equilibrio-fiscal-y-el-federalismo-en-un-acto-en-bella-vista","status":"publish","type":"post","link":"https:\/\/infoelnordeste.com\/index.php\/2026\/09\/03\/gustavo-valdes-defendio-el-equilibrio-fiscal-y-el-federalismo-en-un-acto-en-bella-vista\/","title":{"rendered":"GUSTAVO VALD\u00c9S DEFENDI\u00d3 EL EQUILIBRIO FISCAL Y EL FEDERALISMO EN UN ACTO EN BELLA VISTA"},"content":{"rendered":"<p>En un encuentro con referentes de la agrupaci\u00f3n &#8220;Vamos los Azules&#8221; en la localidad de Bella Vista, Gustavo Vald\u00e9s brind\u00f3 un discurso centrado en el desarrollo econ\u00f3mico, el federalismo y la consolidaci\u00f3n del espacio oficialista.<\/p>\n<p>Vald\u00e9s destac\u00f3 el respaldo social a la gesti\u00f3n, remarc\u00f3 la solidez del equilibrio fiscal de la provincia y se\u00f1al\u00f3 que la generaci\u00f3n de empleo privado de calidad es el objetivo prioritario para el crecimiento regional.<\/p>\n<p>Proyecto colectivo, empleo y federalismo<br \/>\nEl pronunciamiento pol\u00edtico dej\u00f3 definiciones claves sobre el rumbo de la gesti\u00f3n y la construcci\u00f3n partidaria.<\/p>\n<p>Gustavo Vald\u00e9s sostuvo que el apoyo ciudadano &#8220;obliga a trabajar cada vez m\u00e1s&#8221; y enfatiz\u00f3 que el espacio de Vamos Corrientes trasciende los personalismos: &#8220;Este proyecto es mucho m\u00e1s importante que el proyecto de una sola persona&#8221;.<\/p>\n<p>Record\u00f3 que la provincia cuenta con cuentas p\u00fablicas ordenadas desde hace a\u00f1os y plante\u00f3 que la prioridad central es la creaci\u00f3n de fuentes laborales: &#8220;Nuestra gente quiere trabajar, progresar y tener oportunidades en su propia provincia&#8221;.<\/p>\n<p>Adem\u00e1s, reivindic\u00f3 la defensa de los intereses provinciales ante la Naci\u00f3n para garantizar inversiones de infraestructura y potenciar el entramado productivo de cada municipio.<\/p>\n","protected":false},"excerpt":{"rendered":"<p>En un encuentro con referentes [&hellip;]<\/p>\n","protected":false},"author":1,"featured_media":8629,"comment_status":"","ping_status":"","sticky":false,"template":"","format":"standard","meta":{"footnotes":""},"categories":[110],"tags":[],"class_list":["post-8628","post","type-post","status-publish","format-standard","has-post-thumbnail","hentry","category-politica"],"_links":{"self":[{"href":"https:\/\/infoelnordeste.com\/index.php\/wp-json\/wp\/v2\/posts\/8628","targetHints":{"allow":["GET"]}}],"collection":[{"href":"https:\/\/infoelnordeste.com\/index.php\/wp-json\/wp\/v2\/posts"}],"about":[{"href":"https:\/\/infoelnordeste.com\/index.php\/wp-json\/wp\/v2\/types\/post"}],"author":[{"embeddable":true,"href":"https:\/\/infoelnordeste.com\/index.php\/wp-json\/wp\/v2\/users\/1"}],"replies":[{"embeddable":true,"href":"https:\/\/infoelnordeste.com\/index.php\/wp-json\/wp\/v2\/comments?post=8628"}],"version-history":[{"count":0,"href":"https:\/\/infoelnordeste.com\/index.php\/wp-json\/wp\/v2\/posts\/8628\/revisions"}],"wp:featuredmedia":[{"embeddable":true,"href":"https:\/\/infoelnordeste.com\/index.php\/wp-json\/wp\/v2\/media\/8629"}],"wp:attachment":[{"href":"https:\/\/infoelnordeste.com\/index.php\/wp-json\/wp\/v2\/media?parent=8628"}],"wp:term":[{"taxonomy":"category","embeddable":true,"href":"https:\/\/infoelnordeste.com\/index.php\/wp-json\/wp\/v2\/categories?post=8628"},{"taxonomy":"post_tag","embeddable":true,"href":"https:\/\/infoelnordeste.com\/index.php\/wp-json\/wp\/v2\/tags?post=8628"}],"curies":[{"name":"wp","href":"https:\/\/api.w.org\/{rel}","templated":true}]}}