{"id":8626,"date":"2026-09-03T19:16:36","date_gmt":"2026-09-03T22:16:36","guid":{"rendered":"https:\/\/infoelnordeste.com\/index.php\/2026\/09\/03\/el-senado-dio-media-sancion-al-plan-para-proteger-yaguaretes-y-pumas\/"},"modified":"2026-09-03T19:16:36","modified_gmt":"2026-09-03T22:16:36","slug":"el-senado-dio-media-sancion-al-plan-para-proteger-yaguaretes-y-pumas","status":"publish","type":"post","link":"https:\/\/infoelnordeste.com\/index.php\/2026\/09\/03\/el-senado-dio-media-sancion-al-plan-para-proteger-yaguaretes-y-pumas\/","title":{"rendered":"EL SENADO DIO MEDIA SANCI\u00d3N AL PLAN PARA PROTEGER YAGUARET\u00c9S Y PUMAS"},"content":{"rendered":"<p>La C\u00e1mara de Senadores de Corrientes realiz\u00f3 este jueves 3 de septiembre su 10\u00aa sesi\u00f3n ordinaria del per\u00edodo, presidida por el vicegobernador Pedro Braillard Poccard, en una jornada en la que uno de los principales proyectos tratados fue el Plan Provincial de Conservaci\u00f3n de Grandes Felinos, que obtuvo media sanci\u00f3n.<\/p>\n<p>La iniciativa, presentada por los senadores Sergio Flinta, Gustavo Vald\u00e9s, Noel Breard, Henry Fick, Francisco Osella y otros legisladores, busca establecer una pol\u00edtica provincial para la conservaci\u00f3n de especies como el yaguaret\u00e9 y el puma, al tiempo que contempla una respuesta ante posibles conflictos entre estos animales y las actividades productivas.<\/p>\n<p>Durante el tratamiento, el senador Sergio Flinta explic\u00f3 que el proyecto surge, entre otros motivos, a partir de denuncias por ataques de yaguaret\u00e9s y pumas a ganado de productores correntinos.<\/p>\n<p>En ese marco, se\u00f1al\u00f3 que el Estado provincial, como autoridad con competencia para regular la fauna y la flora, deber\u00e1 indemnizar a los productores perjudicados dentro de un plazo de 30 d\u00edas posteriores a la denuncia. Para determinar cada caso se prev\u00e9 la conformaci\u00f3n de un comit\u00e9 integrado por distintas fuerzas de seguridad y organismos estatales.<\/p>\n<p>Avanzaron designaciones judiciales<br \/>\nEn otro tramo de la sesi\u00f3n, el Senado avanz\u00f3 con los acuerdos solicitados por el Poder Ejecutivo para cubrir cargos en el Poder Judicial.<\/p>\n<p>El doctor Eugenio Ram\u00f3n Balbastro tuvo su audiencia p\u00fablica para su eventual designaci\u00f3n como juez del Tribunal de Revisi\u00f3n de la Primera Circunscripci\u00f3n Judicial, con asiento en la ciudad de Corrientes.<\/p>\n<p>Asimismo, fueron aprobados los pliegos del doctor Waldo Ra\u00fal Ojeda \u00c1lvarez para ocupar el cargo de juez Civil, Comercial y Laboral de la Cuarta Circunscripci\u00f3n Judicial, con asiento en Paso de los Libres, y de la doctora Gladis Julia Aguirre como asesora de Menores e Incapaces de la Primera Circunscripci\u00f3n Judicial, con asiento en Saladas. Ambos hab\u00edan participado de sus respectivas audiencias p\u00fablicas el 20 de agosto.<\/p>\n<p>Nuevos proyectos de ley<br \/>\nEntre los proyectos ingresados, la senadora L\u00e9rtora present\u00f3 una iniciativa que propone suprimir los tratamientos honor\u00edficos en el \u00e1mbito p\u00fablico, que fue girada a la Comisi\u00f3n de Legislaci\u00f3n y Asuntos Constitucionales.<\/p>\n<p>Por su parte, la senadora Quintana impuls\u00f3 la creaci\u00f3n de la &#8220;Semana Provincial de Concientizaci\u00f3n y Acci\u00f3n sobre la Par\u00e1lisis Cerebral&#8221;, que se desarrollar\u00eda anualmente entre el 1 y el 7 de octubre. La propuesta fue remitida a la Comisi\u00f3n de Salud P\u00fablica.<\/p>\n<p>Tambi\u00e9n ingresaron en revisi\u00f3n proyectos provenientes de la C\u00e1mara de Diputados. Entre ellos se encuentran la declaraci\u00f3n como Monumento Hist\u00f3rico y Patrimonio Cultural del edificio de la Casa Manos Correntinas, de Mercedes; la colocaci\u00f3n de una se\u00f1alizaci\u00f3n conmemorativa en homenaje a los h\u00e9roes nacionales fallecidos durante la Guerra de Malvinas; y la declaraci\u00f3n como Fiesta Provincial de la muestra de artesan\u00eda &#8220;Arand\u00fa P\u00f3 (Manos Sabias)&#8221;, que se realiza anualmente en Empedrado. Las tres iniciativas fueron giradas a la Comisi\u00f3n de Educaci\u00f3n y Cultura.<\/p>\n<p>A su vez, pas\u00f3 a la Comisi\u00f3n de Legislaci\u00f3n y Asuntos Constitucionales el proyecto que propone adherir a la Ley Nacional N\u00ba 20.561, que establece el 10 de junio como D\u00eda de la Afirmaci\u00f3n de los Derechos Argentinos sobre las Malvinas, Islas y Sector Ant\u00e1rtico.<\/p>\n<p>En tanto, la Comisi\u00f3n de Salud P\u00fablica analizar\u00e1 el proyecto que crea el Programa Provincial de Capacitaci\u00f3n y Concientizaci\u00f3n sobre la Epilepsia.<\/p>\n<p>Inter\u00e9s legislativo para actividades culturales y sociales<br \/>\nEl cuerpo tambi\u00e9n aprob\u00f3 distintas declaraciones de inter\u00e9s legislativo. Entre ellas se encuentra el IV Congreso Nacional e Internacional Belgraniano, impulsado por el senador Flinta.<\/p>\n<p>Adem\u00e1s, varios senadores acompa\u00f1aron la declaraci\u00f3n de inter\u00e9s para el Cierre Festival Mozart, concierto a beneficio del Instituto Oncol\u00f3gico &#8220;Papa Francisco&#8221;, que contar\u00e1 con la participaci\u00f3n de la Orquesta Sinf\u00f3nica de la Provincia y la pianista concertista Mirian Conti.<\/p>\n<p>La senadora Carballo present\u00f3, por su parte, una iniciativa vinculada al Reconocimiento Libertador General San Mart\u00edn, otorgado a Do\u00f1a Juana Rodr\u00edguez por su trayectoria y aporte a la comunidad.<\/p>\n<p>Tambi\u00e9n fueron declaradas de inter\u00e9s legislativo la 42\u00aa Fiesta Provincial del Agricultor, que se realizar\u00e1 en Carolina; el 86\u00ba aniversario de Riachuelo, que se conmemora el 28 de septiembre; y el 5\u00ba Encuentro de Autos Antiguos y Cl\u00e1sicos, previsto en Monte Caseros para los d\u00edas 12 y 13 de septiembre.<\/p>\n<p>Sobre tablas, adem\u00e1s, se aprob\u00f3 la declaraci\u00f3n de inter\u00e9s legislativo para las XXXVII Jornadas Argentinas de Taquigraf\u00eda Parlamentaria, que tendr\u00e1n lugar en Corrientes los d\u00edas 11, 12 y 13 de septiembre.<\/p>\n<p>Distinci\u00f3n para una estudiante destacada de la UNNE<br \/>\nAl finalizar la sesi\u00f3n, el vicegobernador Pedro Braillard Poccard entreg\u00f3 la distinci\u00f3n &#8220;Joven Honorable&#8221; a Luc\u00eda M\u00f3rtola, estudiante avanzada de Bioqu\u00edmica de la Universidad Nacional del Nordeste (UNNE).<\/p>\n<p>M\u00f3rtola cursa el sexto a\u00f1o de la carrera y realiza sus Pr\u00e1cticas Hospitalarias. Con un promedio de 9,66, registra el rendimiento acad\u00e9mico m\u00e1s alto de su cohorte.<\/p>\n<p>Adem\u00e1s, es becaria de investigaci\u00f3n de pregrado en el Laboratorio de Investigaciones Bioqu\u00edmicas de la Facultad de Medicina (LIBIM-UNNE), donde forma parte de un equipo interdisciplinario que estudia el papel de la inflamaci\u00f3n en el c\u00e1ncer colorrectal.<\/p>\n<p>La jornada tambi\u00e9n cont\u00f3 con la presencia de alumnos de las escuelas Portuaria y Regional, quienes asistieron a la sesi\u00f3n en el marco de las actividades impulsadas por la Direcci\u00f3n de Senado Joven.<\/p>\n","protected":false},"excerpt":{"rendered":"<p>La C\u00e1mara de Senadores de [&hellip;]<\/p>\n","protected":false},"author":1,"featured_media":8627,"comment_status":"","ping_status":"","sticky":false,"template":"","format":"standard","meta":{"footnotes":""},"categories":[110],"tags":[],"class_list":["post-8626","post","type-post","status-publish","format-standard","has-post-thumbnail","hentry","category-politica"],"_links":{"self":[{"href":"https:\/\/infoelnordeste.com\/index.php\/wp-json\/wp\/v2\/posts\/8626","targetHints":{"allow":["GET"]}}],"collection":[{"href":"https:\/\/infoelnordeste.com\/index.php\/wp-json\/wp\/v2\/posts"}],"about":[{"href":"https:\/\/infoelnordeste.com\/index.php\/wp-json\/wp\/v2\/types\/post"}],"author":[{"embeddable":true,"href":"https:\/\/infoelnordeste.com\/index.php\/wp-json\/wp\/v2\/users\/1"}],"replies":[{"embeddable":true,"href":"https:\/\/infoelnordeste.com\/index.php\/wp-json\/wp\/v2\/comments?post=8626"}],"version-history":[{"count":0,"href":"https:\/\/infoelnordeste.com\/index.php\/wp-json\/wp\/v2\/posts\/8626\/revisions"}],"wp:featuredmedia":[{"embeddable":true,"href":"https:\/\/infoelnordeste.com\/index.php\/wp-json\/wp\/v2\/media\/8627"}],"wp:attachment":[{"href":"https:\/\/infoelnordeste.com\/index.php\/wp-json\/wp\/v2\/media?parent=8626"}],"wp:term":[{"taxonomy":"category","embeddable":true,"href":"https:\/\/infoelnordeste.com\/index.php\/wp-json\/wp\/v2\/categories?post=8626"},{"taxonomy":"post_tag","embeddable":true,"href":"https:\/\/infoelnordeste.com\/index.php\/wp-json\/wp\/v2\/tags?post=8626"}],"curies":[{"name":"wp","href":"https:\/\/api.w.org\/{rel}","templated":true}]}}