{"id":8624,"date":"2026-09-03T19:16:36","date_gmt":"2026-09-03T22:16:36","guid":{"rendered":"https:\/\/infoelnordeste.com\/index.php\/2026\/09\/03\/polich-propuso-instalar-al-ibera-como-patrimonio-de-toda-corrientes\/"},"modified":"2026-09-03T19:16:36","modified_gmt":"2026-09-03T22:16:36","slug":"polich-propuso-instalar-al-ibera-como-patrimonio-de-toda-corrientes","status":"publish","type":"post","link":"https:\/\/infoelnordeste.com\/index.php\/2026\/09\/03\/polich-propuso-instalar-al-ibera-como-patrimonio-de-toda-corrientes\/","title":{"rendered":"POLICH PROPUSO INSTALAR AL IBER\u00c1 COMO PATRIMONIO DE TODA CORRIENTES"},"content":{"rendered":"<p>La Ciudad de Corrientes es sede del 4\u00b0 Congreso Ecotur\u00edstico del Litoral, inaugurado este jueves con la presencia del gobernador Juan Pablo Vald\u00e9s y que se desarrolla hasta este viernes 4 de septiembre en el Sal\u00f3n Gran Paran\u00e1 del Turismo Hotel Casino.<\/p>\n<p>El intendente Claudio Polich acompa\u00f1\u00f3 la apertura del encuentro, organizado por el Ministerio de Turismo de la Provincia de Corrientes bajo el lema &#8220;Innovaci\u00f3n, naturaleza y sostenibilidad para el futuro del turismo regional&#8221;. La convocatoria re\u00fane a representantes del sector tur\u00edstico, prestadores de servicios, autoridades, instituciones acad\u00e9micas y referentes vinculados al desarrollo sustentable.<\/p>\n<p>&#8220;Para nosotros, como ciudad anfitriona, es muy bueno poder tener un evento de estas caracter\u00edsticas y nuclear en la ciudad de Corrientes a tanta gente que trabaja y desarrolla el ecoturismo&#8221;, expres\u00f3 Polich.<\/p>\n<p>DESARROLLO Y AMBIENTE<\/p>\n<p>El jefe comunal destac\u00f3 especialmente la capacidad del ecoturismo para combinar crecimiento econ\u00f3mico y conservaci\u00f3n. &#8220;Si hay una actividad sustentable con el medio ambiente, es esta&#8221;, sostuvo, y remarc\u00f3 la &#8220;doble sinergia&#8221; que representa para la provincia: &#8220;est\u00e1 vinculada a la posibilidad de generar trabajo y, a la vez, generar riqueza, conservando el medio ambiente&#8221;.<\/p>\n<p>Polich se\u00f1al\u00f3 que el desaf\u00edo consiste en mostrar los atractivos naturales y culturales de Corrientes sin perder de vista la necesidad de preservarlos, para que cada vez m\u00e1s visitantes puedan conocer la provincia, su gastronom\u00eda, arquitectura, paisajes, fauna y formas de vida.<\/p>\n<p>En esa perspectiva, consider\u00f3 que cada localidad debe encontrar la manera de incorporar sus propios recursos naturales, culturales, gastron\u00f3micos y paisaj\u00edsticos a un proceso de crecimiento que ya convirti\u00f3 al Iber\u00e1 en una marca tur\u00edstica de alcance internacional.<\/p>\n<p>&#8220;EL IBER\u00c1 ES TODA LA PROVINCIA&#8221;<\/p>\n<p>Durante sus declaraciones, Polich respald\u00f3 el trabajo tur\u00edstico provincial vinculado al Iber\u00e1 y retom\u00f3 una propuesta que, seg\u00fan record\u00f3, hab\u00eda conversado a\u00f1os atr\u00e1s con el exgobernador Gustavo Vald\u00e9s.<\/p>\n<p>El intendente plante\u00f3 que los distintos accesos a la provincia incorporen una referencia com\u00fan que permita instalar en quienes llegan una idea central: &#8220;Aqu\u00ed comienza el Iber\u00e1&#8221;. Mencion\u00f3 espec\u00edficamente la posibilidad de colocar un cartel en la bajada del puente y propuso que la iniciativa pueda ser articulada con el gobernador Juan Pablo Vald\u00e9s y los dem\u00e1s intendentes.<\/p>\n<p>M\u00e1s all\u00e1 de la se\u00f1alizaci\u00f3n, explic\u00f3 que la propuesta refleja una concepci\u00f3n integral del Iber\u00e1 como patrimonio capaz de beneficiar al conjunto del territorio correntino.<\/p>\n<p>&#8220;Toda la provincia de Corrientes se ve beneficiada por el complejo Iber\u00e1 y en todos lados tenemos parte de ese ecosistema&#8221;, afirm\u00f3.<\/p>\n<p>Como ejemplo, mencion\u00f3 la Reserva Natural Laguna Brava, ubicada a unos 15 minutos del centro de la capital, donde es posible observar fauna y paisaje vinculados con caracter\u00edsticas del ecosistema del Iber\u00e1.<\/p>\n<p>&#8220;El Iber\u00e1 es toda la provincia de Corrientes&#8221;, sintetiz\u00f3.<\/p>\n<p>UNA OPORTUNIDAD PARA TODOS<br \/>\nPolich valor\u00f3 adem\u00e1s el trabajo del Comit\u00e9 Iber\u00e1, encabezado por el senador Sergio Flinta.<\/p>\n<p>&#8220;Iber\u00e1 no tiene que ver solamente con el complejo de los esteros, tiene que ver con una idiosincrasia, tiene que ver con una gastronom\u00eda, tiene que ver con una cultura general, y eso abarca a toda la provincia de Corrientes&#8221;, insisti\u00f3.<\/p>\n<p>&#8220;Espero que podamos continuar trabajando juntos para seguir logrando los objetivos que nos proponemos&#8221;, concluy\u00f3.<\/p>\n<p>CONCURRENCIA<\/p>\n<p>Del acto participaron tambi\u00e9n el vicegobernador Pedro Braillard Poccard; el ministro de Turismo, Juan Enrique Braillard Poccard; el senador provincial y coordinador general del Comit\u00e9 Iber\u00e1, Sergio Flinta; legisladores nacionales y provinciales, integrantes del gabinete municipal de la Ciudad de Corrientes, intendentes del interior, funcionarios de Turismo, autoridades universitarias, representantes de entes aut\u00e1rquicos, c\u00e1maras, asociaciones y prestadores de servicios.<\/p>\n","protected":false},"excerpt":{"rendered":"<p>La Ciudad de Corrientes es [&hellip;]<\/p>\n","protected":false},"author":1,"featured_media":8625,"comment_status":"","ping_status":"","sticky":false,"template":"","format":"standard","meta":{"footnotes":""},"categories":[27],"tags":[],"class_list":["post-8624","post","type-post","status-publish","format-standard","has-post-thumbnail","hentry","category-sociedad"],"_links":{"self":[{"href":"https:\/\/infoelnordeste.com\/index.php\/wp-json\/wp\/v2\/posts\/8624","targetHints":{"allow":["GET"]}}],"collection":[{"href":"https:\/\/infoelnordeste.com\/index.php\/wp-json\/wp\/v2\/posts"}],"about":[{"href":"https:\/\/infoelnordeste.com\/index.php\/wp-json\/wp\/v2\/types\/post"}],"author":[{"embeddable":true,"href":"https:\/\/infoelnordeste.com\/index.php\/wp-json\/wp\/v2\/users\/1"}],"replies":[{"embeddable":true,"href":"https:\/\/infoelnordeste.com\/index.php\/wp-json\/wp\/v2\/comments?post=8624"}],"version-history":[{"count":0,"href":"https:\/\/infoelnordeste.com\/index.php\/wp-json\/wp\/v2\/posts\/8624\/revisions"}],"wp:featuredmedia":[{"embeddable":true,"href":"https:\/\/infoelnordeste.com\/index.php\/wp-json\/wp\/v2\/media\/8625"}],"wp:attachment":[{"href":"https:\/\/infoelnordeste.com\/index.php\/wp-json\/wp\/v2\/media?parent=8624"}],"wp:term":[{"taxonomy":"category","embeddable":true,"href":"https:\/\/infoelnordeste.com\/index.php\/wp-json\/wp\/v2\/categories?post=8624"},{"taxonomy":"post_tag","embeddable":true,"href":"https:\/\/infoelnordeste.com\/index.php\/wp-json\/wp\/v2\/tags?post=8624"}],"curies":[{"name":"wp","href":"https:\/\/api.w.org\/{rel}","templated":true}]}}