{"id":8608,"date":"2026-09-01T19:42:58","date_gmt":"2026-09-01T22:42:58","guid":{"rendered":"https:\/\/infoelnordeste.com\/index.php\/2026\/09\/01\/valdes-ratifico-su-participacion-en-el-encuentro-del-norte-grande\/"},"modified":"2026-09-01T19:42:58","modified_gmt":"2026-09-01T22:42:58","slug":"valdes-ratifico-su-participacion-en-el-encuentro-del-norte-grande","status":"publish","type":"post","link":"https:\/\/infoelnordeste.com\/index.php\/2026\/09\/01\/valdes-ratifico-su-participacion-en-el-encuentro-del-norte-grande\/","title":{"rendered":"VALD\u00c9S RATIFIC\u00d3 SU PARTICIPACI\u00d3N EN EL ENCUENTRO DEL NORTE GRANDE"},"content":{"rendered":"<p>El gobernador Juan Pablo Vald\u00e9s encabez\u00f3 este martes una rueda de prensa en la Casa de Gobierno, donde repas\u00f3 los ejes de su gesti\u00f3n: la participaci\u00f3n este viernes en un encuentro de gobernadores en Iguaz\u00fa, Misiones; la llegada de los primeros contenedores de paneles CLT de Cambium Timber; los avances en el Puerto de Ituzaing\u00f3; el viaje a Francia por la Argentina Week; y la prudencia respecto de un futuro aumento salarial, que confirm\u00f3 que se concretar\u00e1 antes de fin de a\u00f1o.<\/p>\n<p>La conferencia se dio en un contexto de agenda econ\u00f3mica y federal cargada, que combina la discusi\u00f3n por la Ley de Zonas Fr\u00edas, la puja por sostener beneficios impositivos frente a otras jurisdicciones y la necesidad de mostrar resultados en inversiones, en un a\u00f1o atravesado por la proyecci\u00f3n econ\u00f3mica nacional del presidente Javier Milei, acompa\u00f1ado por el ministro de Econom\u00eda, Luis Caputo, con quien Vald\u00e9s mantiene conversaciones peri\u00f3dicamente.<\/p>\n","protected":false},"excerpt":{"rendered":"<p>El gobernador Juan Pablo Vald\u00e9s [&hellip;]<\/p>\n","protected":false},"author":1,"featured_media":8609,"comment_status":"","ping_status":"","sticky":false,"template":"","format":"standard","meta":{"footnotes":""},"categories":[110],"tags":[],"class_list":["post-8608","post","type-post","status-publish","format-standard","has-post-thumbnail","hentry","category-politica"],"_links":{"self":[{"href":"https:\/\/infoelnordeste.com\/index.php\/wp-json\/wp\/v2\/posts\/8608","targetHints":{"allow":["GET"]}}],"collection":[{"href":"https:\/\/infoelnordeste.com\/index.php\/wp-json\/wp\/v2\/posts"}],"about":[{"href":"https:\/\/infoelnordeste.com\/index.php\/wp-json\/wp\/v2\/types\/post"}],"author":[{"embeddable":true,"href":"https:\/\/infoelnordeste.com\/index.php\/wp-json\/wp\/v2\/users\/1"}],"replies":[{"embeddable":true,"href":"https:\/\/infoelnordeste.com\/index.php\/wp-json\/wp\/v2\/comments?post=8608"}],"version-history":[{"count":0,"href":"https:\/\/infoelnordeste.com\/index.php\/wp-json\/wp\/v2\/posts\/8608\/revisions"}],"wp:featuredmedia":[{"embeddable":true,"href":"https:\/\/infoelnordeste.com\/index.php\/wp-json\/wp\/v2\/media\/8609"}],"wp:attachment":[{"href":"https:\/\/infoelnordeste.com\/index.php\/wp-json\/wp\/v2\/media?parent=8608"}],"wp:term":[{"taxonomy":"category","embeddable":true,"href":"https:\/\/infoelnordeste.com\/index.php\/wp-json\/wp\/v2\/categories?post=8608"},{"taxonomy":"post_tag","embeddable":true,"href":"https:\/\/infoelnordeste.com\/index.php\/wp-json\/wp\/v2\/tags?post=8608"}],"curies":[{"name":"wp","href":"https:\/\/api.w.org\/{rel}","templated":true}]}}