{"id":8606,"date":"2026-09-01T19:42:58","date_gmt":"2026-09-01T22:42:58","guid":{"rendered":"https:\/\/infoelnordeste.com\/index.php\/2026\/09\/01\/no-hubo-acuerdo-en-la-paritaria-y-este-miercoles-habra-paro-nacional-universitario\/"},"modified":"2026-09-01T19:42:58","modified_gmt":"2026-09-01T22:42:58","slug":"no-hubo-acuerdo-en-la-paritaria-y-este-miercoles-habra-paro-nacional-universitario","status":"publish","type":"post","link":"https:\/\/infoelnordeste.com\/index.php\/2026\/09\/01\/no-hubo-acuerdo-en-la-paritaria-y-este-miercoles-habra-paro-nacional-universitario\/","title":{"rendered":"NO HUBO ACUERDO EN LA PARITARIA Y ESTE MI\u00c9RCOLES HABR\u00c1 PARO NACIONAL UNIVERSITARIO"},"content":{"rendered":"<p>La reuni\u00f3n paritaria entre el Gobierno y los gremios docentes universitarios termin\u00f3 este martes sin acuerdo, luego de que las autoridades nacionales ofrecieran un aumento salarial del 3% para septiembre. Desde la Asociaci\u00f3n de Docentes de la UBA (ADUBA) calificaron la propuesta como \u201cinaceptable\u201d y anticiparon que este mi\u00e9rcoles definir\u00e1n medidas de fuerza ante la falta de avances en la negociaci\u00f3n.<\/p>\n<p>\u201cLa paritaria ha quedado inconclusa. El ofrecimiento formal por parte del Gobierno nacional fue de un 3% de aumento para los salarios de los docentes universitarios\u201d, afirm\u00f3 Emiliano Cagnasi, secretario general de ADUBA, quien particip\u00f3 del encuentro como representante de Fedun.<\/p>\n<p>La reuni\u00f3n se realiz\u00f3 en el marco de la paritaria nacional de la docencia universitaria y preuniversitaria, una instancia contemplada en la Ley de Financiamiento Universitario. El principal punto de conflicto fue la diferencia entre el incremento planteado por el Ejecutivo y la recomposici\u00f3n que reclaman los gremios a partir de lo establecido por esa norma.<\/p>\n<p>Seg\u00fan explic\u00f3 Cagnasi en di\u00e1logo con TN, todav\u00eda queda pendiente una actualizaci\u00f3n salarial cercana al 30%. En ese contexto, sostuvo que el 3% propuesto por el Gobierno equivale aproximadamente al 10% de la recomposici\u00f3n que consideran adeudada.<\/p>\n<p>\u201cHay que tener en cuenta que existe una Ley de Financiamiento Universitario que establece una actualizaci\u00f3n de los salarios docentes y no docentes, adem\u00e1s de las becas estudiantiles, tomando como referencia diciembre de 2023\u201d, se\u00f1al\u00f3 el dirigente gremial.<\/p>\n<p>Cagnasi tambi\u00e9n hizo referencia a la situaci\u00f3n judicial de la norma y record\u00f3 que la Corte Suprema dej\u00f3 en pie la cautelar vinculada con los art\u00edculos quinto y sexto de la ley. Desde los sindicatos consideran que esa decisi\u00f3n obliga al Ejecutivo a avanzar con su cumplimiento.<\/p>\n<p>El dirigente de ADUBA cuestion\u00f3 adem\u00e1s la din\u00e1mica de la negociaci\u00f3n. \u201cCuando uno se sienta a un di\u00e1logo paritario y ese di\u00e1logo se convierte en un mon\u00f3logo de una de las partes, con un ofrecimiento de apenas el 3%, la situaci\u00f3n resulta dif\u00edcil de comprender\u201d, plante\u00f3.<\/p>\n<p>Desde CONADU Hist\u00f3rica coincidieron en el rechazo a la propuesta oficial. Francisca Staiti, secretaria general de la federaci\u00f3n, afirm\u00f3 al finalizar el encuentro que la negociaci\u00f3n hab\u00eda \u201cfracasado\u201d y se\u00f1al\u00f3 que el ofrecimiento se encontraba muy por debajo de lo reclamado.<\/p>\n<p>\u201cEl Gobierno trajo una propuesta de 3% de recomposici\u00f3n para septiembre, muy lejos del 31,2% que se nos est\u00e1 adeudando a julio por la cautelar de la Justicia que establece el cumplimiento de la Ley de Financiamiento Universitario, m\u00e1s la inflaci\u00f3n que corresponde a agosto\u201d, sostuvo Staiti.<\/p>\n<p>De acuerdo con el comunicado difundido por la CTA despu\u00e9s de la reuni\u00f3n, CONADU Hist\u00f3rica reclam\u00f3 recuperar lo perdido en materia salarial y establecer hacia adelante actualizaciones mensuales que sean, como m\u00ednimo, equivalentes a la inflaci\u00f3n. La organizaci\u00f3n se\u00f1al\u00f3 adem\u00e1s que el ofrecimiento oficial no contempl\u00f3 una recomposici\u00f3n de la p\u00e9rdida acumulada.<\/p>\n<p>Cagnasi, por su parte, endureci\u00f3 sus cr\u00edticas al Gobierno por la falta de acuerdo. \u201cCreemos que ha sido inoportuno e intencional no escuchar. Es darle la espalda a la Justicia, al Poder Legislativo, que sancion\u00f3 una ley, y tambi\u00e9n a la sociedad argentina, que sali\u00f3 cuatro veces a marchar en defensa de un derecho que considera propio\u201d, afirm\u00f3.<\/p>\n<p>El titular de ADUBA aclar\u00f3 que el planteo gremial no consiste simplemente en reclamar un aumento del 30%. Seg\u00fan explic\u00f3, el Gobierno present\u00f3 ante la Justicia el anterior acuerdo paritario y ese avance fue considerado dentro del proceso para dar cumplimiento a la norma. Sin embargo, sostuvo que todav\u00eda queda una diferencia cercana a ese porcentaje.<\/p>\n<p>\u201cFrente a esa diferencia pendiente, el 3% ofrecido representa apenas un 10% de lo que resta recomponer. Ese ofrecimiento es claramente inaceptable y entendemos que es intencional\u201d, asegur\u00f3.<\/p>\n<p>Cagnasi sostuvo adem\u00e1s que los gremios comprenden la necesidad de mantener ordenadas las cuentas p\u00fablicas, pero rechaz\u00f3 que el ajuste recaiga sobre el sector universitario. \u201cUno puede entender e incluso estar de acuerdo con que las cuentas del Estado nacional tienen que cerrar. Lo que no se puede aceptar es que la variable de ajuste seamos los trabajadores universitarios cuando existe una ley y cuando la Corte estableci\u00f3 que debe cumplirse\u201d, expres\u00f3.<\/p>\n<p>El fracaso de la negociaci\u00f3n abre ahora un nuevo escenario de conflicto. Cagnasi adelant\u00f3 que este mi\u00e9rcoles habr\u00e1 definiciones sobre los pr\u00f3ximos pasos del sector: \u201cSeguramente, una vez que termine la paritaria, esta situaci\u00f3n nos va a llevar a definir una medida de fuerza para el d\u00eda de ma\u00f1ana\u201d.<\/p>\n<p>En paralelo, CONADU Hist\u00f3rica anunci\u00f3 un paro nacional de 24 horas para este mi\u00e9rcoles. Oscar Vallejos, secretario adjunto de la federaci\u00f3n y secretario de Formaci\u00f3n de la CTA, sostuvo que el Gobierno convoc\u00f3 a la negociaci\u00f3n \u201ca los \u00fanicos efectos de ganar tiempo en la Justicia\u201d y confirm\u00f3 la huelga.<\/p>\n<p>El dirigente inform\u00f3 adem\u00e1s que el Frente Gremial Universitario volver\u00e1 a analizar la continuidad del conflicto el jueves 3 de septiembre en Bariloche, en ocasi\u00f3n del plenario del Consejo Universitario Nacional, donde se discutir\u00e1n nuevas medidas de fuerza.<\/p>\n","protected":false},"excerpt":{"rendered":"<p>La reuni\u00f3n paritaria entre el [&hellip;]<\/p>\n","protected":false},"author":1,"featured_media":8607,"comment_status":"","ping_status":"","sticky":false,"template":"","format":"standard","meta":{"footnotes":""},"categories":[27],"tags":[],"class_list":["post-8606","post","type-post","status-publish","format-standard","has-post-thumbnail","hentry","category-sociedad"],"_links":{"self":[{"href":"https:\/\/infoelnordeste.com\/index.php\/wp-json\/wp\/v2\/posts\/8606","targetHints":{"allow":["GET"]}}],"collection":[{"href":"https:\/\/infoelnordeste.com\/index.php\/wp-json\/wp\/v2\/posts"}],"about":[{"href":"https:\/\/infoelnordeste.com\/index.php\/wp-json\/wp\/v2\/types\/post"}],"author":[{"embeddable":true,"href":"https:\/\/infoelnordeste.com\/index.php\/wp-json\/wp\/v2\/users\/1"}],"replies":[{"embeddable":true,"href":"https:\/\/infoelnordeste.com\/index.php\/wp-json\/wp\/v2\/comments?post=8606"}],"version-history":[{"count":0,"href":"https:\/\/infoelnordeste.com\/index.php\/wp-json\/wp\/v2\/posts\/8606\/revisions"}],"wp:featuredmedia":[{"embeddable":true,"href":"https:\/\/infoelnordeste.com\/index.php\/wp-json\/wp\/v2\/media\/8607"}],"wp:attachment":[{"href":"https:\/\/infoelnordeste.com\/index.php\/wp-json\/wp\/v2\/media?parent=8606"}],"wp:term":[{"taxonomy":"category","embeddable":true,"href":"https:\/\/infoelnordeste.com\/index.php\/wp-json\/wp\/v2\/categories?post=8606"},{"taxonomy":"post_tag","embeddable":true,"href":"https:\/\/infoelnordeste.com\/index.php\/wp-json\/wp\/v2\/tags?post=8606"}],"curies":[{"name":"wp","href":"https:\/\/api.w.org\/{rel}","templated":true}]}}