{"id":8602,"date":"2026-09-01T19:42:58","date_gmt":"2026-09-01T22:42:58","guid":{"rendered":"https:\/\/infoelnordeste.com\/index.php\/2026\/09\/01\/milei-reunio-a-su-gabinete-y-anticipo-una-cadena-nacional-por-malvinas\/"},"modified":"2026-09-01T19:42:58","modified_gmt":"2026-09-01T22:42:58","slug":"milei-reunio-a-su-gabinete-y-anticipo-una-cadena-nacional-por-malvinas","status":"publish","type":"post","link":"https:\/\/infoelnordeste.com\/index.php\/2026\/09\/01\/milei-reunio-a-su-gabinete-y-anticipo-una-cadena-nacional-por-malvinas\/","title":{"rendered":"MILEI REUNI\u00d3 A SU GABINETE Y ANTICIP\u00d3 UNA CADENA NACIONAL POR MALVINAS"},"content":{"rendered":"<p>El presidente Javier Milei encabez\u00f3 hoy una reuni\u00f3n del Gabinete nacional en la Casa Rosada, donde analiz\u00f3 los principales indicadores econ\u00f3micos y las pol\u00edticas implementadas por los distintos ministerios. Adem\u00e1s, se abordaron los avances diplom\u00e1ticos vinculados con la defensa de la soberan\u00eda argentina sobre las Islas Malvinas.<\/p>\n<p>Econom\u00eda y pol\u00edticas del Gobierno<br \/>\nDurante el encuentro, Milei repas\u00f3 la evoluci\u00f3n del mercado laboral, la baja de la inflaci\u00f3n y el crecimiento de la econom\u00eda. En ese marco, se tom\u00f3 como referencia un art\u00edculo publicado por el ministro de Desregulaci\u00f3n y Transformaci\u00f3n del Estado, Federico Sturzenegger, sobre los resultados de la gesti\u00f3n y su contraste con la informaci\u00f3n difundida por los medios.<\/p>\n<p>Los funcionarios tambi\u00e9n evaluaron el desarrollo de las medidas implementadas por las distintas \u00e1reas del Gobierno nacional.<\/p>\n<p>Malvinas y una cadena nacional<br \/>\nEl ministro de Relaciones Exteriores, Pablo Quirno, present\u00f3 un informe sobre los avances diplom\u00e1ticos relacionados con la soberan\u00eda de las Islas Malvinas. Seg\u00fan se inform\u00f3, durante la reuni\u00f3n se defini\u00f3 que Milei realizar\u00e1 una cadena nacional el jueves por la noche para brindar mayores detalles sobre el tema.<\/p>\n<p>Del encuentro participaron funcionarios del Gabinete, legisladores y asesores presidenciales, entre ellos Karina Milei, Diego Santilli, Federico Sturzenegger, Alejandra Monteoliva, Carlos Presti, Mario Lugones, Juan Bautista Mahiques y Pablo Quirno.<\/p>\n","protected":false},"excerpt":{"rendered":"<p>El presidente Javier Milei encabez\u00f3 [&hellip;]<\/p>\n","protected":false},"author":1,"featured_media":8603,"comment_status":"","ping_status":"","sticky":false,"template":"","format":"standard","meta":{"footnotes":""},"categories":[110],"tags":[],"class_list":["post-8602","post","type-post","status-publish","format-standard","has-post-thumbnail","hentry","category-politica"],"_links":{"self":[{"href":"https:\/\/infoelnordeste.com\/index.php\/wp-json\/wp\/v2\/posts\/8602","targetHints":{"allow":["GET"]}}],"collection":[{"href":"https:\/\/infoelnordeste.com\/index.php\/wp-json\/wp\/v2\/posts"}],"about":[{"href":"https:\/\/infoelnordeste.com\/index.php\/wp-json\/wp\/v2\/types\/post"}],"author":[{"embeddable":true,"href":"https:\/\/infoelnordeste.com\/index.php\/wp-json\/wp\/v2\/users\/1"}],"replies":[{"embeddable":true,"href":"https:\/\/infoelnordeste.com\/index.php\/wp-json\/wp\/v2\/comments?post=8602"}],"version-history":[{"count":0,"href":"https:\/\/infoelnordeste.com\/index.php\/wp-json\/wp\/v2\/posts\/8602\/revisions"}],"wp:featuredmedia":[{"embeddable":true,"href":"https:\/\/infoelnordeste.com\/index.php\/wp-json\/wp\/v2\/media\/8603"}],"wp:attachment":[{"href":"https:\/\/infoelnordeste.com\/index.php\/wp-json\/wp\/v2\/media?parent=8602"}],"wp:term":[{"taxonomy":"category","embeddable":true,"href":"https:\/\/infoelnordeste.com\/index.php\/wp-json\/wp\/v2\/categories?post=8602"},{"taxonomy":"post_tag","embeddable":true,"href":"https:\/\/infoelnordeste.com\/index.php\/wp-json\/wp\/v2\/tags?post=8602"}],"curies":[{"name":"wp","href":"https:\/\/api.w.org\/{rel}","templated":true}]}}