{"id":6552,"date":"2026-04-23T17:59:03","date_gmt":"2026-04-23T17:59:03","guid":{"rendered":"https:\/\/infoelnordeste.com\/?p=6552"},"modified":"2026-04-30T18:00:15","modified_gmt":"2026-04-30T18:00:15","slug":"milei-confirmo-que-acompanara-a-manuel-adorni-a-la-legislatura","status":"publish","type":"post","link":"https:\/\/infoelnordeste.com\/index.php\/2026\/04\/23\/milei-confirmo-que-acompanara-a-manuel-adorni-a-la-legislatura\/","title":{"rendered":"MILEI CONFIRM\u00d3 QUE ACOMPA\u00d1AR\u00c1 A MANUEL ADORNI A LA LEGISLATURA"},"content":{"rendered":"\n<p>El Presidente ratific\u00f3 que concurrir\u00e1 con el jefe de Gabinete el d\u00eda de su exposici\u00f3n ante los legisladores, en una muestra m\u00e1s de respaldo. Dio detalles de su reuni\u00f3n con Peter Thiel. Explic\u00f3 por qu\u00e9 conf\u00eda en que la inflaci\u00f3n retornar\u00e1 a la baja en los pr\u00f3ximos meses y reiter\u00f3 que competir\u00e1 en 2027<\/p>\n\n\n\n<p><strong>El presidente&nbsp;Javier Milei&nbsp;confirm\u00f3 que el pr\u00f3ximo mi\u00e9rcoles concurrir\u00e1 junto al jefe de Gabinete,&nbsp;Manuel Adorni, al Congreso durante la exposici\u00f3n ante los legisladores<\/strong>,&nbsp;reafirmando as\u00ed su respaldo al funcionario que es investigado por enriquecimiento il\u00edcito en una causa judicial.<br>En una entrevista en el programa<strong>&nbsp;Argendata&nbsp;del canal de YouTube&nbsp;Neura<\/strong>, el mandatario reiter\u00f3 adem\u00e1s que<strong>&nbsp;planea presentarse a la reelecci\u00f3n en 2027<\/strong>.&nbsp;<strong>\u201cNo s\u00f3lo voy a terminar este mandato, voy a aplicar a otro, si creo que hice las cosas bien. Despu\u00e9s va a decidir la gente\u201d,<\/strong>&nbsp;afirm\u00f3 Milei, dejando en claro sus intenciones a futuro.<\/p>\n\n\n\n<p>Milei entreg\u00f3 as\u00ed una nueva muestra de respaldo en medio de los avances diarios que muestra&nbsp;<strong>la investigaci\u00f3n judicial contra Manuel Adorni,<\/strong>&nbsp;a ra\u00edz de la compra de un departamento en el barrio porte\u00f1o de Caballito, y una casa en un country de Exaltacion de la Cruz, en la provincia de Buenos Aires.<strong>&nbsp;\u201cSi claro que voy a ir a acompa\u00f1ar a Manuel, voy a ir a escuchar a mi jefe de gabinete\u201d<\/strong>, asegur\u00f3. Ser\u00e1 el&nbsp;<strong>mi\u00e9rcoles 29 de abril<\/strong>, en una jornada en la que la oposici\u00f3n planea exponer cada detalle de las sospechas que pesan contra el jefe de Gabinete.<br>En ese marco, el presidente subray\u00f3 que Adorni est\u00e1 respondiendo a cada pedido de la Justicia y que se est\u00e1n cumpliendo todos los plazos previstos.&nbsp;<strong>\u201cManuel dar\u00e1 las respuestas que correspondan, est\u00e1 trabajando la Justicia, se est\u00e1n cumpliendo los plazos, y estamos muy tranquilos\u201d<\/strong>, precis\u00f3 el jefe de Estado.<br>Seg\u00fan Milei,&nbsp;Thiel le pregunt\u00f3 c\u00f3mo planeaba sostener en el tiempo las reformas implementadas, a lo que respondi\u00f3 que la clave radica en la batalla cultural y en la pol\u00edtica. \u201cLa pol\u00edtica es clave junto con la batalla cultural\u201d, sostuvo el presidente, quien relat\u00f3 que ambos coincidieron en rechazar el impuesto a la riqueza por considerarlo una doble imposici\u00f3n y un castigo al \u00e9xito empresarial. Milei explic\u00f3 que, en su visi\u00f3n, \u201cel impuesto a la riqueza es una doble imposici\u00f3n. La persona ya pag\u00f3. Tiene una clara connotaci\u00f3n de envidia\u201d.<\/p>\n","protected":false},"excerpt":{"rendered":"<p>El Presidente ratific\u00f3 que concurrir\u00e1 [&hellip;]<\/p>\n","protected":false},"author":1,"featured_media":6553,"comment_status":"closed","ping_status":"closed","sticky":false,"template":"","format":"standard","meta":{"footnotes":""},"categories":[1],"tags":[],"class_list":["post-6552","post","type-post","status-publish","format-standard","has-post-thumbnail","hentry","category-sin-categoria"],"_links":{"self":[{"href":"https:\/\/infoelnordeste.com\/index.php\/wp-json\/wp\/v2\/posts\/6552","targetHints":{"allow":["GET"]}}],"collection":[{"href":"https:\/\/infoelnordeste.com\/index.php\/wp-json\/wp\/v2\/posts"}],"about":[{"href":"https:\/\/infoelnordeste.com\/index.php\/wp-json\/wp\/v2\/types\/post"}],"author":[{"embeddable":true,"href":"https:\/\/infoelnordeste.com\/index.php\/wp-json\/wp\/v2\/users\/1"}],"replies":[{"embeddable":true,"href":"https:\/\/infoelnordeste.com\/index.php\/wp-json\/wp\/v2\/comments?post=6552"}],"version-history":[{"count":1,"href":"https:\/\/infoelnordeste.com\/index.php\/wp-json\/wp\/v2\/posts\/6552\/revisions"}],"predecessor-version":[{"id":6554,"href":"https:\/\/infoelnordeste.com\/index.php\/wp-json\/wp\/v2\/posts\/6552\/revisions\/6554"}],"wp:featuredmedia":[{"embeddable":true,"href":"https:\/\/infoelnordeste.com\/index.php\/wp-json\/wp\/v2\/media\/6553"}],"wp:attachment":[{"href":"https:\/\/infoelnordeste.com\/index.php\/wp-json\/wp\/v2\/media?parent=6552"}],"wp:term":[{"taxonomy":"category","embeddable":true,"href":"https:\/\/infoelnordeste.com\/index.php\/wp-json\/wp\/v2\/categories?post=6552"},{"taxonomy":"post_tag","embeddable":true,"href":"https:\/\/infoelnordeste.com\/index.php\/wp-json\/wp\/v2\/tags?post=6552"}],"curies":[{"name":"wp","href":"https:\/\/api.w.org\/{rel}","templated":true}]}}