{"id":6546,"date":"2026-04-23T17:44:44","date_gmt":"2026-04-23T17:44:44","guid":{"rendered":"https:\/\/infoelnordeste.com\/?p=6546"},"modified":"2026-04-30T18:00:23","modified_gmt":"2026-04-30T18:00:23","slug":"italia-al-mundial-2026-el-reglamento-que-mantienen-viva-una-minima-esperanza","status":"publish","type":"post","link":"https:\/\/infoelnordeste.com\/index.php\/2026\/04\/23\/italia-al-mundial-2026-el-reglamento-que-mantienen-viva-una-minima-esperanza\/","title":{"rendered":"\u00bfITALIA AL MUNDIAL 2026? EL REGLAMENTO QUE MANTIENEN VIVA UNA M\u00cdNIMA ESPERANZA"},"content":{"rendered":"\n<p>A pesar de haber ca\u00eddo en el repechaje, una propuesta desde el entorno de Donald Trump busca que Italia ocupe la plaza de Ir\u00e1n debido al conflicto b\u00e9lico.<\/p>\n\n\n\n<p>La&nbsp;<strong>Selecci\u00f3n de Italia<\/strong>&nbsp;parece estar viviendo un&nbsp;<strong>d\u00e9j\u00e0 vu<\/strong>&nbsp;constante. Por tercera vez consecutiva, el tetracampe\u00f3n del mundo no logr\u00f3 clasificar en la cancha tras perder por penales (4-1) contra&nbsp;Bosnia-Herzegovina&nbsp;el pasado 31 de marzo.<\/p>\n\n\n\n<p>Sin embargo,<strong>&nbsp;su nombre volvi\u00f3 a sonar con fuerza en las oficinas de Z\u00farich<\/strong>&nbsp;por motivos ajenos a lo deportivo: la tensi\u00f3n diplom\u00e1tica y militar entre&nbsp;Estados Unidos&nbsp;e&nbsp;Ir\u00e1n&nbsp;<strong>ha puesto en duda la participaci\u00f3n del conjunto asi\u00e1tico en la cita de Norteam\u00e9rica<\/strong>.<\/p>\n\n\n\n<p>Un emisario de&nbsp;Donald Trump&nbsp;propuso formalmente que Italia reemplace a&nbsp;Ir\u00e1n, argumentando razones de seguridad y tradici\u00f3n futbol\u00edstica. Esta idea, aunque atractiva para el mercado estadounidense, encontr\u00f3 un muro en&nbsp;Gianni Infantino. El presidente de la FIFA fue tajante al afirmar que el deporte debe estar al margen de la pol\u00edtica y que Ir\u00e1n, tras haberse clasificado leg\u00edtimamente,<strong>&nbsp;&#8220;debe jugar para representar a su pueblo&#8221;<\/strong>.<\/p>\n\n\n\n<h3 class=\"wp-block-heading\"><strong>La v\u00eda reglamentaria: el art\u00edculo que alimenta la ilusi\u00f3n<\/strong><\/h3>\n\n\n\n<p>Aunque la FIFA y las propias autoridades italianas \u2014como Luciano Buonfiglio, presidente del Comit\u00e9 Ol\u00edmpico Italiano\u2014 rechazaron&nbsp;<strong>la idea de entrar &#8220;por la ventana&#8221;<\/strong>, el&nbsp;Reglamento de la Copa del Mundo 2026&nbsp;contempla un escenario donde esto ser\u00eda posible.<\/p>\n\n\n\n<ul class=\"wp-block-list\">\n<li><strong>El Art\u00edculo 6, Inciso 7:\u00a0<\/strong>Establece que si una federaci\u00f3n se retira o es excluida, la FIFA tiene la\u00a0&#8220;entera discreci\u00f3n&#8221;\u00a0para decidir qu\u00e9 acciones tomar y puede sustituir a dicha selecci\u00f3n por otra.<\/li>\n\n\n\n<li><strong>La postura de Ir\u00e1n:<\/strong>\u00a0El conflicto real no es solo pol\u00edtico; el Ministerio de Deportes iran\u00ed solicit\u00f3 trasladar sus partidos de fase de grupos de Estados Unidos a M\u00e9xico por seguridad. Ante la negativa de la FIFA de mover las sedes, Ir\u00e1n ha dejado entrever que su participaci\u00f3n es &#8220;de muy baja posibilidad&#8221; bajo las condiciones actuales.<\/li>\n\n\n\n<li><strong>El criterio de selecci\u00f3n:<\/strong>\u00a0Si Ir\u00e1n decidiera bajarse, Italia tendr\u00eda prioridad por ser el equipo con mejor\u00a0Ranking FIFA\u00a0entre los no clasificados. No obstante, Emiratos \u00c1rabes Unidos tambi\u00e9n aparece como candidato si la FIFA decide mantener el cupo dentro de la Confederaci\u00f3n Asi\u00e1tica (AFC).<\/li>\n<\/ul>\n","protected":false},"excerpt":{"rendered":"<p>A pesar de haber ca\u00eddo [&hellip;]<\/p>\n","protected":false},"author":1,"featured_media":6547,"comment_status":"closed","ping_status":"closed","sticky":false,"template":"","format":"standard","meta":{"footnotes":""},"categories":[1],"tags":[],"class_list":["post-6546","post","type-post","status-publish","format-standard","has-post-thumbnail","hentry","category-sin-categoria"],"_links":{"self":[{"href":"https:\/\/infoelnordeste.com\/index.php\/wp-json\/wp\/v2\/posts\/6546","targetHints":{"allow":["GET"]}}],"collection":[{"href":"https:\/\/infoelnordeste.com\/index.php\/wp-json\/wp\/v2\/posts"}],"about":[{"href":"https:\/\/infoelnordeste.com\/index.php\/wp-json\/wp\/v2\/types\/post"}],"author":[{"embeddable":true,"href":"https:\/\/infoelnordeste.com\/index.php\/wp-json\/wp\/v2\/users\/1"}],"replies":[{"embeddable":true,"href":"https:\/\/infoelnordeste.com\/index.php\/wp-json\/wp\/v2\/comments?post=6546"}],"version-history":[{"count":1,"href":"https:\/\/infoelnordeste.com\/index.php\/wp-json\/wp\/v2\/posts\/6546\/revisions"}],"predecessor-version":[{"id":6548,"href":"https:\/\/infoelnordeste.com\/index.php\/wp-json\/wp\/v2\/posts\/6546\/revisions\/6548"}],"wp:featuredmedia":[{"embeddable":true,"href":"https:\/\/infoelnordeste.com\/index.php\/wp-json\/wp\/v2\/media\/6547"}],"wp:attachment":[{"href":"https:\/\/infoelnordeste.com\/index.php\/wp-json\/wp\/v2\/media?parent=6546"}],"wp:term":[{"taxonomy":"category","embeddable":true,"href":"https:\/\/infoelnordeste.com\/index.php\/wp-json\/wp\/v2\/categories?post=6546"},{"taxonomy":"post_tag","embeddable":true,"href":"https:\/\/infoelnordeste.com\/index.php\/wp-json\/wp\/v2\/tags?post=6546"}],"curies":[{"name":"wp","href":"https:\/\/api.w.org\/{rel}","templated":true}]}}