{"id":6543,"date":"2026-04-22T19:39:27","date_gmt":"2026-04-22T19:39:27","guid":{"rendered":"https:\/\/infoelnordeste.com\/?p=6543"},"modified":"2026-04-29T19:39:43","modified_gmt":"2026-04-29T19:39:43","slug":"sebastian-driussi-sufrio-un-desgarro-y-se-perdera-partidos-clave-de-river","status":"publish","type":"post","link":"https:\/\/infoelnordeste.com\/index.php\/2026\/04\/22\/sebastian-driussi-sufrio-un-desgarro-y-se-perdera-partidos-clave-de-river\/","title":{"rendered":"SEBASTI\u00c1N DRIUSSI SUFRI\u00d3 UN DESGARRO Y SE PERDER\u00c1 PARTIDOS CLAVE DE RIVER"},"content":{"rendered":"\n<p>El delantero sali\u00f3 reemplazado en el primer tiempo del Supercl\u00e1sico. Es la sexta lesi\u00f3n que sufre desde su vuelta al Millonario en enero de 2025.<\/p>\n\n\n\n<p><strong>River&nbsp;sufri\u00f3 una dura baja<\/strong>&nbsp;durante el Supercl\u00e1sico que perdi\u00f3 ante Boca por 1-0:&nbsp;<strong>Sebasti\u00e1n Driussi<\/strong>&nbsp;sali\u00f3 reemplazado por Maximiliano Salas con una molestia a los 18 minutos del primer tiempo. Este martes,&nbsp;se conoci\u00f3 que el delantero&nbsp;<strong>sufri\u00f3 un desgarro&nbsp;y estar\u00e1 al menos tres semanas sin jugar.<\/strong><\/p>\n\n\n\n<p>A falta de confirmaci\u00f3n oficial de River, la cual se producir\u00e1 el martes cuando el plantel vuelva a los entrenamientos,&nbsp;trascendi\u00f3 que la lesi\u00f3n del delantero es&nbsp;<strong>un desgarro grado 3<\/strong>, diagn\u00f3stico que<strong>&nbsp;lo deja fuera de una serie de partidos clave<\/strong>&nbsp;en el cierre del semestre.<\/p>\n\n\n\n<p><strong>Eduardo Coudet<\/strong>&nbsp;deber\u00e1 buscar variantes en la zona de ataque en una recta de la temporada que ser\u00e1 fundamental:&nbsp;se juegan los Playoffs del Torneo Apertura y el final de la fase de grupos de la Copa Sudamericana, antes del&nbsp;<strong>Mundial 2026<\/strong>.<\/p>\n\n\n\n<p>En principio, se perder\u00eda los dos partidos que le quedan al Millonario por la fase de grupos del Torneo Apertura (Aldosivi y el postergado de la fecha 9 ante Atl\u00e9tico Tucum\u00e1n) y el cruce de octavos de final. Tambi\u00e9n faltar\u00eda a los duelos ante RB Bragantino y Carabobo por la Copa Sudamericana.<\/p>\n\n\n\n<p><strong>El principal reemplazante empieza a ser Salas<\/strong>, ya que fue el que ingres\u00f3 ante Boca&nbsp;y el que tiene caracter\u00edsticas m\u00e1s similares al propio Driussi.&nbsp;Joaqu\u00edn Freitas aparece como otra variante&nbsp;y aunque est\u00e9 m\u00e1s relegado, Agust\u00edn Ruberto es otro de los delanteros del plantel.<\/p>\n\n\n\n<p><strong>El antecedente del delantero de 30 a\u00f1os es que&nbsp;ya hab\u00eda sufrido un desgarro de grado 1 en el isquiotibial izquierdo en el mes de febrero<\/strong>&nbsp;y pas\u00f3 casi un mes sin volver a jugar. Con la de ahora, ser\u00e1 su segunda lesi\u00f3n de una magnitud similar en el a\u00f1o.<\/p>\n","protected":false},"excerpt":{"rendered":"<p>El delantero sali\u00f3 reemplazado en [&hellip;]<\/p>\n","protected":false},"author":1,"featured_media":6544,"comment_status":"closed","ping_status":"closed","sticky":false,"template":"","format":"standard","meta":{"footnotes":""},"categories":[1],"tags":[],"class_list":["post-6543","post","type-post","status-publish","format-standard","has-post-thumbnail","hentry","category-sin-categoria"],"_links":{"self":[{"href":"https:\/\/infoelnordeste.com\/index.php\/wp-json\/wp\/v2\/posts\/6543","targetHints":{"allow":["GET"]}}],"collection":[{"href":"https:\/\/infoelnordeste.com\/index.php\/wp-json\/wp\/v2\/posts"}],"about":[{"href":"https:\/\/infoelnordeste.com\/index.php\/wp-json\/wp\/v2\/types\/post"}],"author":[{"embeddable":true,"href":"https:\/\/infoelnordeste.com\/index.php\/wp-json\/wp\/v2\/users\/1"}],"replies":[{"embeddable":true,"href":"https:\/\/infoelnordeste.com\/index.php\/wp-json\/wp\/v2\/comments?post=6543"}],"version-history":[{"count":1,"href":"https:\/\/infoelnordeste.com\/index.php\/wp-json\/wp\/v2\/posts\/6543\/revisions"}],"predecessor-version":[{"id":6545,"href":"https:\/\/infoelnordeste.com\/index.php\/wp-json\/wp\/v2\/posts\/6543\/revisions\/6545"}],"wp:featuredmedia":[{"embeddable":true,"href":"https:\/\/infoelnordeste.com\/index.php\/wp-json\/wp\/v2\/media\/6544"}],"wp:attachment":[{"href":"https:\/\/infoelnordeste.com\/index.php\/wp-json\/wp\/v2\/media?parent=6543"}],"wp:term":[{"taxonomy":"category","embeddable":true,"href":"https:\/\/infoelnordeste.com\/index.php\/wp-json\/wp\/v2\/categories?post=6543"},{"taxonomy":"post_tag","embeddable":true,"href":"https:\/\/infoelnordeste.com\/index.php\/wp-json\/wp\/v2\/tags?post=6543"}],"curies":[{"name":"wp","href":"https:\/\/api.w.org\/{rel}","templated":true}]}}