{"id":6540,"date":"2026-04-22T19:38:37","date_gmt":"2026-04-22T19:38:37","guid":{"rendered":"https:\/\/infoelnordeste.com\/?p=6540"},"modified":"2026-04-29T19:39:47","modified_gmt":"2026-04-29T19:39:47","slug":"balacera-en-zona-arqueologica-de-mexico-dejo-dos-muertos-y-cuatro-heridos","status":"publish","type":"post","link":"https:\/\/infoelnordeste.com\/index.php\/2026\/04\/22\/balacera-en-zona-arqueologica-de-mexico-dejo-dos-muertos-y-cuatro-heridos\/","title":{"rendered":"BALACERA EN ZONA ARQUEOL\u00d3GICA DE M\u00c9XICO DEJ\u00d3 DOS MUERTOS Y CUATRO HERIDOS"},"content":{"rendered":"\n<p>El agresor se suicid\u00f3 luego de cometer el ataque armado en la Pir\u00e1mide de la Luna.<\/p>\n\n\n\n<p>La ma\u00f1ana de este lunes 20 de abril se registr\u00f3 una&nbsp;balacera&nbsp;en la zona Arqueol\u00f3gica de&nbsp;Teotihuac\u00e1n, ubicada en el&nbsp;Estado de M\u00e9xico, que dej\u00f3 cuatro personas lesionadas y dos muertas, luego de que el agresor dispar\u00f3 desde la Pir\u00e1mide de la Luna.<\/p>\n\n\n\n<p>Los datos preliminares refieren que cuatro personas resultaron heridas por arma de fuego, mientras que dos m\u00e1s quedaron lesionadas tras caer de la pir\u00e1mide. Por su parte, el&nbsp;IMSS-Bienestar&nbsp;inform\u00f3 que recibieron a siete personas, entre ellas una menor de edad, derivado del ataque.<\/p>\n\n\n\n<p>De los siete atendidos, se detall\u00f3 que cuatro presentaron lesiones por arma de fuego, una result\u00f3 con fractura, otra m\u00e1s con un esguince y una m\u00e1s solo present\u00f3 crisis de ansiedad.<\/p>\n\n\n\n<p>El ataque armado provoc\u00f3 caos en el centro ceremonial que es uno de los principales sitios tur\u00edsticos del pa\u00eds. Testigos del hecho refirieron haber escuchado&nbsp;cerca de 20 detonaciones&nbsp;de arma de fuego alrededor de las 12:00 horas.<\/p>\n\n\n\n<p>Ante la situaci\u00f3n, elementos de emergencias, de la Guardia Nacional (GN) y de la Secretar\u00eda de Seguridad del Estado de M\u00e9xico (SSEM) al sitio para evacuar a los turistas y brindar atenci\u00f3n m\u00e9dica a los lesionados.<\/p>\n\n\n\n<p>Fuentes de seguridad detallaron a&nbsp;Infobae M\u00e9xico&nbsp;que derivado del ataque armado&nbsp;cuatro personas&nbsp;resultaron&nbsp;lesionadas, mientras que&nbsp;dos m\u00e1s&nbsp;murieron. Entre las v\u00edctimas se encuentra una mujer&nbsp;canadiense&nbsp;que fue agredida a tiros.<\/p>\n\n\n\n<p>Los datos proporcionados refieren que el tirador -a\u00fan no identificado- se&nbsp;suicid\u00f3&nbsp;luego de cometer el ataque armado en la Pir\u00e1mide de la Luna.<\/p>\n\n\n\n<p>Crist\u00f3bal Casta\u00f1eda&nbsp;Camarillo, Secretario de Seguridad del Estado de M\u00e9xico, inform\u00f3 que las&nbsp;personas que resultaron lesionadas&nbsp;fueron eran mujeres&nbsp;extranjeras: dos de nacionalidad colombiana, una rusa y una canadiense, quienes reciben atenci\u00f3n m\u00e9dica tras los hechos.<\/p>\n\n\n\n<p>Adem\u00e1s, se detall\u00f3 que&nbsp;dos personas m\u00e1s resultaron lesionadas&nbsp;luego de que intentaron huir y cayeron de la pir\u00e1mide. Todos los heridos se encuentran en hospitales.<\/p>\n\n\n\n<p>Las autoridades se mantienen a la espera de los peritos de la Fiscal\u00eda General de Justicia del Estado de M\u00e9xico para realizar el&nbsp;levantamiento del cuerpo&nbsp;del agresor, quien a\u00fan no es identificado.<\/p>\n\n\n\n<p>Un video que circula en redes sociales muestra al presunto agresor, vestido con camisa de cuadros y con&nbsp;cubrebocas, mientras manipula un arma de fuego. En el material tambi\u00e9n se observa a un grupo de personas agrupadas sobre la Pir\u00e1mide, posiblemente amenazadas.<\/p>\n\n\n\n<h2 class=\"wp-block-heading\"><strong>Autoridades aseguraron el arma de fuego y cartuchos \u00fatiles<\/strong><\/h2>\n\n\n\n<p>Otros videos compartidos en redes sociales muestran el momento en el que una mujer alert\u00f3 a los&nbsp;turistas&nbsp;diciendo que le llamaran a la polic\u00eda, as\u00ed como la detonaci\u00f3n de un arma de fuego.<\/p>\n\n\n\n<p>Un turista chileno comparti\u00f3 detalles de la evacuaci\u00f3n luego de que se registr\u00f3 el&nbsp;ataque armado, afirmando que los elementos de seguridad les solicitaron evacuar la zona.<\/p>\n\n\n\n<p>El&nbsp;Gabinete de Seguridad&nbsp;inform\u00f3 que tras el reporte de detonaciones de arma de fuego en la zona Arqueol\u00f3gica se despleg\u00f3 un operativo coordinado que permiti\u00f3 el aseguramiento de un arma de fuego, un arma blanca y cartuchos \u00fatiles.<\/p>\n\n\n\n<p>Respecto a las v\u00edctimas, detall\u00f3 que se encuentran recibiendo atenci\u00f3n m\u00e9dica, esto luego de que se report\u00f3 que algunos resultaron lesionados luego de caer de la pir\u00e1mide.<\/p>\n","protected":false},"excerpt":{"rendered":"<p>El agresor se suicid\u00f3 luego [&hellip;]<\/p>\n","protected":false},"author":1,"featured_media":6541,"comment_status":"closed","ping_status":"closed","sticky":false,"template":"","format":"standard","meta":{"footnotes":""},"categories":[1],"tags":[],"class_list":["post-6540","post","type-post","status-publish","format-standard","has-post-thumbnail","hentry","category-sin-categoria"],"_links":{"self":[{"href":"https:\/\/infoelnordeste.com\/index.php\/wp-json\/wp\/v2\/posts\/6540","targetHints":{"allow":["GET"]}}],"collection":[{"href":"https:\/\/infoelnordeste.com\/index.php\/wp-json\/wp\/v2\/posts"}],"about":[{"href":"https:\/\/infoelnordeste.com\/index.php\/wp-json\/wp\/v2\/types\/post"}],"author":[{"embeddable":true,"href":"https:\/\/infoelnordeste.com\/index.php\/wp-json\/wp\/v2\/users\/1"}],"replies":[{"embeddable":true,"href":"https:\/\/infoelnordeste.com\/index.php\/wp-json\/wp\/v2\/comments?post=6540"}],"version-history":[{"count":1,"href":"https:\/\/infoelnordeste.com\/index.php\/wp-json\/wp\/v2\/posts\/6540\/revisions"}],"predecessor-version":[{"id":6542,"href":"https:\/\/infoelnordeste.com\/index.php\/wp-json\/wp\/v2\/posts\/6540\/revisions\/6542"}],"wp:featuredmedia":[{"embeddable":true,"href":"https:\/\/infoelnordeste.com\/index.php\/wp-json\/wp\/v2\/media\/6541"}],"wp:attachment":[{"href":"https:\/\/infoelnordeste.com\/index.php\/wp-json\/wp\/v2\/media?parent=6540"}],"wp:term":[{"taxonomy":"category","embeddable":true,"href":"https:\/\/infoelnordeste.com\/index.php\/wp-json\/wp\/v2\/categories?post=6540"},{"taxonomy":"post_tag","embeddable":true,"href":"https:\/\/infoelnordeste.com\/index.php\/wp-json\/wp\/v2\/tags?post=6540"}],"curies":[{"name":"wp","href":"https:\/\/api.w.org\/{rel}","templated":true}]}}