{"id":6530,"date":"2026-04-21T17:41:48","date_gmt":"2026-04-21T17:41:48","guid":{"rendered":"https:\/\/infoelnordeste.com\/?p=6530"},"modified":"2026-04-29T17:42:17","modified_gmt":"2026-04-29T17:42:17","slug":"resistencia-identificaron-a-un-presunto-autor-de-amenazas-de-tiroteo-en-una-escuela","status":"publish","type":"post","link":"https:\/\/infoelnordeste.com\/index.php\/2026\/04\/21\/resistencia-identificaron-a-un-presunto-autor-de-amenazas-de-tiroteo-en-una-escuela\/","title":{"rendered":"RESISTENCIA: IDENTIFICARON A UN PRESUNTO AUTOR DE AMENAZAS DE TIROTEO EN UNA ESCUELA"},"content":{"rendered":"\n<p>La causa se inici\u00f3 tras la denuncia de una docente por mensajes difundidos en redes sociales. Interviene la Justicia y organismos de Ni\u00f1ez y Familia.<\/p>\n\n\n\n<p>En la ciudad de&nbsp;<strong>Resistencia<\/strong>, el&nbsp;<strong>Departamento Cibercrimen de la Polic\u00eda del Chaco<\/strong>&nbsp;logr\u00f3&nbsp;<strong>identificar a uno de los presuntos responsables de la difusi\u00f3n de amenazas de tiroteo en la E.E.S. N\u00b0 66 Roberto Muller<\/strong>, en el marco de una investigaci\u00f3n iniciada d\u00edas atr\u00e1s.<\/p>\n\n\n\n<p>El caso se origin\u00f3 el 18 de abril, luego de que una docente denunciara la&nbsp;<strong>circulaci\u00f3n de capturas de pantalla de mensajes difundidos a trav\u00e9s de WhatsApp e Instagram.<\/strong>&nbsp;En esos contenidos se advert\u00eda sobre supuestos ataques con armas de fuego y armas blancas dentro del establecimiento educativo.<\/p>\n\n\n\n<p>A partir de all\u00ed, personal de la Divisi\u00f3n Cibercrimen&nbsp;<strong>llev\u00f3 adelante tareas de an\u00e1lisis digital y rastreo en redes sociales<\/strong>, logrando identificar el perfil desde el cual se habr\u00edan originado los mensajes. La investigaci\u00f3n permiti\u00f3 ubicar un domicilio en el<strong>&nbsp;barrio La Rubita<\/strong>, donde reside un menor de 13 a\u00f1os que estar\u00eda vinculado con la creaci\u00f3n y difusi\u00f3n del contenido.<\/p>\n\n\n\n<p>Con intervenci\u00f3n del Equipo Fiscal N\u00b0 03, se realiz\u00f3 un procedimiento en el lugar, donde se procedi\u00f3 al secuestro de un tel\u00e9fono<strong>&nbsp;celular Samsung Galaxy A13<\/strong>, que ser\u00e1 sometido a peritajes t\u00e9cnicos bajo cadena de custodia.<\/p>\n\n\n\n<p>Adem\u00e1s,&nbsp;<strong>se notific\u00f3 a la madre del menor&nbsp;<\/strong>sobre las actuaciones en la causa por supuesta intimidaci\u00f3n p\u00fablica y se dio intervenci\u00f3n a la Direcci\u00f3n de Adolescencia, Ni\u00f1ez y Familia, a trav\u00e9s de la L\u00ednea 102, para el abordaje correspondiente.<\/p>\n\n\n\n<p>Desde la Polic\u00eda del Chaco recordaron que este tipo de conductas no constituyen una broma, sino que est\u00e1n tipificadas como delito, ya que generan alarma social y demandan la movilizaci\u00f3n de recursos de seguridad, con posibles consecuencias judiciales tanto para los responsables como para sus tutores.<\/p>\n","protected":false},"excerpt":{"rendered":"<p>La causa se inici\u00f3 tras [&hellip;]<\/p>\n","protected":false},"author":1,"featured_media":6531,"comment_status":"closed","ping_status":"closed","sticky":false,"template":"","format":"standard","meta":{"footnotes":""},"categories":[1],"tags":[],"class_list":["post-6530","post","type-post","status-publish","format-standard","has-post-thumbnail","hentry","category-sin-categoria"],"_links":{"self":[{"href":"https:\/\/infoelnordeste.com\/index.php\/wp-json\/wp\/v2\/posts\/6530","targetHints":{"allow":["GET"]}}],"collection":[{"href":"https:\/\/infoelnordeste.com\/index.php\/wp-json\/wp\/v2\/posts"}],"about":[{"href":"https:\/\/infoelnordeste.com\/index.php\/wp-json\/wp\/v2\/types\/post"}],"author":[{"embeddable":true,"href":"https:\/\/infoelnordeste.com\/index.php\/wp-json\/wp\/v2\/users\/1"}],"replies":[{"embeddable":true,"href":"https:\/\/infoelnordeste.com\/index.php\/wp-json\/wp\/v2\/comments?post=6530"}],"version-history":[{"count":1,"href":"https:\/\/infoelnordeste.com\/index.php\/wp-json\/wp\/v2\/posts\/6530\/revisions"}],"predecessor-version":[{"id":6532,"href":"https:\/\/infoelnordeste.com\/index.php\/wp-json\/wp\/v2\/posts\/6530\/revisions\/6532"}],"wp:featuredmedia":[{"embeddable":true,"href":"https:\/\/infoelnordeste.com\/index.php\/wp-json\/wp\/v2\/media\/6531"}],"wp:attachment":[{"href":"https:\/\/infoelnordeste.com\/index.php\/wp-json\/wp\/v2\/media?parent=6530"}],"wp:term":[{"taxonomy":"category","embeddable":true,"href":"https:\/\/infoelnordeste.com\/index.php\/wp-json\/wp\/v2\/categories?post=6530"},{"taxonomy":"post_tag","embeddable":true,"href":"https:\/\/infoelnordeste.com\/index.php\/wp-json\/wp\/v2\/tags?post=6530"}],"curies":[{"name":"wp","href":"https:\/\/api.w.org\/{rel}","templated":true}]}}