{"id":6527,"date":"2026-04-21T17:41:03","date_gmt":"2026-04-21T17:41:03","guid":{"rendered":"https:\/\/infoelnordeste.com\/?p=6527"},"modified":"2026-04-29T17:42:25","modified_gmt":"2026-04-29T17:42:25","slug":"monte-caseros-ingresaron-a-robar-y-se-comieron-una-torta","status":"publish","type":"post","link":"https:\/\/infoelnordeste.com\/index.php\/2026\/04\/21\/monte-caseros-ingresaron-a-robar-y-se-comieron-una-torta\/","title":{"rendered":"MONTE CASEROS: INGRESARON A ROBAR Y SE COMIERON UNA TORTA"},"content":{"rendered":"\n<p>El hecho habr\u00eda ocurrido durante la noche del 19 de abril. La v\u00edctima indic\u00f3 que ya realiz\u00f3 la denuncia y que se investiga lo sucedido.<\/p>\n\n\n\n<p>Un vecino de&nbsp;<strong>Monte Caseros<\/strong>&nbsp;denunci\u00f3 haber sido v\u00edctima de un robo en su vivienda durante la noche del pasado&nbsp;<strong>19 de abril,<\/strong>&nbsp;en un episodio que gener\u00f3 repercusi\u00f3n por una situaci\u00f3n particular se\u00f1alada por el damnificado.<\/p>\n\n\n\n<p>Seg\u00fan relat\u00f3 C\u00e9sar Ram\u00edrez a trav\u00e9s de sus redes sociales,&nbsp;<strong>el hecho se habr\u00eda registrado entre las 19:30 y las 22:00<\/strong>, cuando personas desconocidas ingresaron a su domicilio y provocaron desorden en distintos sectores de la casa, especialmente en los dormitorios.<\/p>\n\n\n\n<p>De acuerdo a su testimonio,&nbsp;<strong>los autores sustrajeron diversos elementos de valor y una suma de dinero que, indic\u00f3, hab\u00eda sido reunida con esfuerzo personal.<\/strong>&nbsp;Adem\u00e1s, mencion\u00f3 un dato que llam\u00f3 la atenci\u00f3n:&nbsp;<strong>los intrusos habr\u00edan consumido una torta que se encontraba en el interior de la vivienda.<\/strong><\/p>\n\n\n\n<p>El vecino se\u00f1al\u00f3 que realiz\u00f3 la denuncia correspondiente ante las autoridades en la comisar\u00eda 3ra, que iniciaron actuaciones para esclarecer lo ocurrido y dar con los responsables.<\/p>\n\n\n\n<p>Tambi\u00e9n hizo referencia al impacto que le gener\u00f3 el episodio, tanto en lo material como en lo emocional, y expres\u00f3 un mensaje dirigido a quienes habr\u00edan participado del hecho.<\/p>\n\n\n\n<p>La situaci\u00f3n gener\u00f3 preocupaci\u00f3n entre residentes de la zona, en el marco de este nuevo episodio de inseguridad reportado en la ciudad.<\/p>\n\n\n\n<p><a href=\"https:\/\/www.radiosudamericana.com\/notix\/multimedia\/imagenes\/fotos\/2026-04-20\/339684.jpg\"><\/a><\/p>\n","protected":false},"excerpt":{"rendered":"<p>El hecho habr\u00eda ocurrido durante [&hellip;]<\/p>\n","protected":false},"author":1,"featured_media":6528,"comment_status":"closed","ping_status":"closed","sticky":false,"template":"","format":"standard","meta":{"footnotes":""},"categories":[1],"tags":[],"class_list":["post-6527","post","type-post","status-publish","format-standard","has-post-thumbnail","hentry","category-sin-categoria"],"_links":{"self":[{"href":"https:\/\/infoelnordeste.com\/index.php\/wp-json\/wp\/v2\/posts\/6527","targetHints":{"allow":["GET"]}}],"collection":[{"href":"https:\/\/infoelnordeste.com\/index.php\/wp-json\/wp\/v2\/posts"}],"about":[{"href":"https:\/\/infoelnordeste.com\/index.php\/wp-json\/wp\/v2\/types\/post"}],"author":[{"embeddable":true,"href":"https:\/\/infoelnordeste.com\/index.php\/wp-json\/wp\/v2\/users\/1"}],"replies":[{"embeddable":true,"href":"https:\/\/infoelnordeste.com\/index.php\/wp-json\/wp\/v2\/comments?post=6527"}],"version-history":[{"count":1,"href":"https:\/\/infoelnordeste.com\/index.php\/wp-json\/wp\/v2\/posts\/6527\/revisions"}],"predecessor-version":[{"id":6529,"href":"https:\/\/infoelnordeste.com\/index.php\/wp-json\/wp\/v2\/posts\/6527\/revisions\/6529"}],"wp:featuredmedia":[{"embeddable":true,"href":"https:\/\/infoelnordeste.com\/index.php\/wp-json\/wp\/v2\/media\/6528"}],"wp:attachment":[{"href":"https:\/\/infoelnordeste.com\/index.php\/wp-json\/wp\/v2\/media?parent=6527"}],"wp:term":[{"taxonomy":"category","embeddable":true,"href":"https:\/\/infoelnordeste.com\/index.php\/wp-json\/wp\/v2\/categories?post=6527"},{"taxonomy":"post_tag","embeddable":true,"href":"https:\/\/infoelnordeste.com\/index.php\/wp-json\/wp\/v2\/tags?post=6527"}],"curies":[{"name":"wp","href":"https:\/\/api.w.org\/{rel}","templated":true}]}}