{"id":6524,"date":"2026-04-21T17:40:17","date_gmt":"2026-04-21T17:40:17","guid":{"rendered":"https:\/\/infoelnordeste.com\/?p=6524"},"modified":"2026-04-29T17:42:30","modified_gmt":"2026-04-29T17:42:30","slug":"mataron-a-tiros-a-un-adolescente-de-15-anos-cerca-de-la-casa-rosada","status":"publish","type":"post","link":"https:\/\/infoelnordeste.com\/index.php\/2026\/04\/21\/mataron-a-tiros-a-un-adolescente-de-15-anos-cerca-de-la-casa-rosada\/","title":{"rendered":"MATARON A TIROS A UN ADOLESCENTE DE 15 A\u00d1OS CERCA DE LA CASA ROSADA"},"content":{"rendered":"\n<p>En el Barrio 31 un adolescente fue abatido de dos balazos y detuvieron a tres j\u00f3venes de 17 y 18 a\u00f1os tras las im\u00e1genes captadas por c\u00e1maras. <\/p>\n\n\n\n<p>Un adolescente de 15 a\u00f1os fue&nbsp;asesinado a dos disparos&nbsp;en el Barrio 31, en inmediaciones de la Casa Rosada, seg\u00fan las im\u00e1genes difundidas por Mediod\u00eda Noticias. El ataque ocurri\u00f3&nbsp;a plena luz del d\u00eda&nbsp;y dej\u00f3 a la comunidad conmocionada; la v\u00edctima cay\u00f3 dentro de una vivienda precaria tras recibir los impactos.<\/p>\n\n\n\n<h2 class=\"wp-block-heading\"><strong>La secuencia del ataque<\/strong><\/h2>\n\n\n\n<p>Primero se observa&nbsp;un fogonazo que impacta en las piernas de la v\u00edctima&nbsp;y, al intentar la defensa, la secuencia culmina con el disparo final. Tras el balazo,&nbsp;el joven corre unos pasos antes de descompensarse&nbsp;y caer dentro de la vivienda.<\/p>\n\n\n\n<p>La v\u00edctima adem\u00e1s fue atacada luego de recibir el balazo: \u201cno solamente le dieron un tiro en el coraz\u00f3n, sino que le dieron una patada en la cabeza\u201d. La agresi\u00f3n termin\u00f3 con el chico inconsciente en el interior del domicilio, mientras transe\u00fantes segu\u00edan su rutina sin intervenir.<\/p>\n\n\n\n<p>La investigaci\u00f3n indica que los agresores escaparon hacia la Villa 1-11-14 y fueron detenidos por la Polic\u00eda de la Ciudad, tras un rastreo de las c\u00e1maras de seguridad. Los investigadores manejan la hip\u00f3tesis de que hubo un&nbsp;enfrentamiento entre&nbsp;narcos&nbsp;y por eso buscan conexiones con bandas delictivas de la zona.<\/p>\n\n\n\n<h2 class=\"wp-block-heading\"><strong>Detenciones y pistas<\/strong><\/h2>\n\n\n\n<p>El hecho&nbsp;ocurri\u00f3 en Retiro, a muy poca distancia de la Casa Rosada, dentro del hist\u00f3rico Barrio 31. Las im\u00e1genes, captadas en plano cenital seg\u00fan fuentes oficiales, ubican el episodio en el sector Padre Mugica de la Villa, donde se produjo el enfrentamiento y luego la fuga de los sospechosos hacia pasillos internos del lugar.<\/p>\n\n\n\n<p>Los tres detenidos,&nbsp;adolescentes de 17 y 18 a\u00f1os, quedaron a disposici\u00f3n de la justicia mientras avanzan pericias bal\u00edsticas y an\u00e1lisis de c\u00e1maras para cerrar este caso que podr\u00eda tener relaci\u00f3n con un ajuste de cuentas entre bandas narcos del barrio, seg\u00fan teor\u00edas de los policias.<\/p>\n","protected":false},"excerpt":{"rendered":"<p>En el Barrio 31 un [&hellip;]<\/p>\n","protected":false},"author":1,"featured_media":6525,"comment_status":"closed","ping_status":"closed","sticky":false,"template":"","format":"standard","meta":{"footnotes":""},"categories":[1],"tags":[],"class_list":["post-6524","post","type-post","status-publish","format-standard","has-post-thumbnail","hentry","category-sin-categoria"],"_links":{"self":[{"href":"https:\/\/infoelnordeste.com\/index.php\/wp-json\/wp\/v2\/posts\/6524","targetHints":{"allow":["GET"]}}],"collection":[{"href":"https:\/\/infoelnordeste.com\/index.php\/wp-json\/wp\/v2\/posts"}],"about":[{"href":"https:\/\/infoelnordeste.com\/index.php\/wp-json\/wp\/v2\/types\/post"}],"author":[{"embeddable":true,"href":"https:\/\/infoelnordeste.com\/index.php\/wp-json\/wp\/v2\/users\/1"}],"replies":[{"embeddable":true,"href":"https:\/\/infoelnordeste.com\/index.php\/wp-json\/wp\/v2\/comments?post=6524"}],"version-history":[{"count":1,"href":"https:\/\/infoelnordeste.com\/index.php\/wp-json\/wp\/v2\/posts\/6524\/revisions"}],"predecessor-version":[{"id":6526,"href":"https:\/\/infoelnordeste.com\/index.php\/wp-json\/wp\/v2\/posts\/6524\/revisions\/6526"}],"wp:featuredmedia":[{"embeddable":true,"href":"https:\/\/infoelnordeste.com\/index.php\/wp-json\/wp\/v2\/media\/6525"}],"wp:attachment":[{"href":"https:\/\/infoelnordeste.com\/index.php\/wp-json\/wp\/v2\/media?parent=6524"}],"wp:term":[{"taxonomy":"category","embeddable":true,"href":"https:\/\/infoelnordeste.com\/index.php\/wp-json\/wp\/v2\/categories?post=6524"},{"taxonomy":"post_tag","embeddable":true,"href":"https:\/\/infoelnordeste.com\/index.php\/wp-json\/wp\/v2\/tags?post=6524"}],"curies":[{"name":"wp","href":"https:\/\/api.w.org\/{rel}","templated":true}]}}