{"id":6521,"date":"2026-04-21T17:39:36","date_gmt":"2026-04-21T17:39:36","guid":{"rendered":"https:\/\/infoelnordeste.com\/?p=6521"},"modified":"2026-04-29T17:42:35","modified_gmt":"2026-04-29T17:42:35","slug":"polemica-en-el-superclasico-en-camara-lenta-todas-son-faltas","status":"publish","type":"post","link":"https:\/\/infoelnordeste.com\/index.php\/2026\/04\/21\/polemica-en-el-superclasico-en-camara-lenta-todas-son-faltas\/","title":{"rendered":"POL\u00c9MICA EN EL SUPERCL\u00c1SICO: &#8220;EN C\u00c1MARA LENTA, TODAS SON FALTAS&#8221;"},"content":{"rendered":"\n<p>El triunfo de Boca en el\u00a0Supercl\u00e1sico\u00a0tuvo un final caliente y cargado de pol\u00e9mica en el Monumental. En la \u00faltima jugada del partido, todo\u00a0River\u00a0explot\u00f3 contra el \u00e1rbitro\u00a0Dar\u00edo Herrera\u00a0por un supuesto penal no sancionado sobre\u00a0Lucas Mart\u00ednez Quarta\u00a0dentro del \u00e1rea. Qu\u00e9 dice la normativa y qu\u00e9 opin\u00f3\u00a0el \u00e1rbito Miguel Scime sobre la decisi\u00f3n no pas\u00f3 inadvertida. Jugadores, cuerpo t\u00e9cnico e hinchas de\u00a0River\u00a0reaccionaron de inmediato, entendiendo que la acci\u00f3n era sancionable.<audio src=\"https:\/\/www.radiosudamericana.com\/notix\/multimedia\/audios\/2026-04-20\/802509.mp3\"><\/audio><\/p>\n\n\n\n<p>En el cierre del Supercl\u00e1sico entre River y Boca, una de las jugadas m\u00e1s discutidas fue el supuesto penal no sancionado sobre Lucas Mart\u00ednez Quarta dentro del \u00e1rea, tras un contacto con Lautaro Blanco que desat\u00f3 el reclamo inmediato de jugadores, cuerpo t\u00e9cnico e hinchas del conjunto millonario. El partido termin\u00f3 0-1 a favor del Xeneize, por el gol de penal de&nbsp;<strong>Leandro Paredes<\/strong>&nbsp;por una clara mano&nbsp;del defensor de River Lautaro Rivero<\/p>\n\n\n\n<p>La acci\u00f3n ocurri\u00f3 en los minutos finales del partido y r\u00e1pidamente gener\u00f3 pol\u00e9mica por la decisi\u00f3n del \u00e1rbitro Dar\u00edo Herrera de&nbsp;<strong>no sancionar la infracci\u00f3n, ni ser convocado por el VAR<\/strong>&nbsp;para revisar la jugada.<\/p>\n\n\n\n<p>En di\u00e1logo con Radio Sudamericana, el ex \u00e1rbitro internacional Miguel Scime analiz\u00f3 la acci\u00f3n y sostuvo que, hasta ese momento, el desempe\u00f1o de Herrera hab\u00eda sido correcto.&nbsp;\u201cSi lo tengo que medir de minuto cero al 92 o 93, me pareci\u00f3 muy bueno. Tuvo un andar parejo, sancion\u00f3 todo t\u00e9cnica y disciplinariamente, con buen posicionamiento\u201d, explic\u00f3 Scime.<\/p>\n\n\n\n<p>Sin embargo, reconoci\u00f3 que la jugada final ingres\u00f3 en una \u201czona gris\u201d de interpretaci\u00f3n arbitral, donde no existe una respuesta absoluta.&nbsp;\u201cNunca hay dos jugadas iguales y nunca hay dos \u00e1rbitros exactamente iguales ante est\u00edmulos parecidos.&nbsp;<strong>Es una jugada de apreciaci\u00f3n\u201d,<\/strong>&nbsp;se\u00f1al\u00f3.<\/p>\n\n\n\n<p>Sobre la comparaci\u00f3n con otras acciones similares en anteriores Supercl\u00e1sicos, Scime remarc\u00f3 que no pueden analizarse de la misma manera. Explic\u00f3 que no es igual un empuj\u00f3n cuando un jugador est\u00e1 en el aire que cuando tiene ambos pies apoyados en el piso, ya que la valoraci\u00f3n del contacto cambia seg\u00fan el contexto de la jugada.<\/p>\n\n\n\n<p>Scime record\u00f3 que recientemente la AFA pidi\u00f3 a los \u00e1rbitros de video que eviten llamar por acciones m\u00ednimas cuando el juez principal est\u00e1 bien ubicado y se trata de jugadas interpretativas.&nbsp;\u201cA c\u00e1mara lenta, todas son faltas, todas son penales. En directo y en vivo, el&nbsp;<strong>50% de la biblioteca puede decir que s\u00ed y el otro 50% que no\u201d<\/strong>, afirm\u00f3.<\/p>\n\n\n\n<p>De todos modos, admiti\u00f3 que personalmente hubiese preferido una revisi\u00f3n.&nbsp;\u201cA m\u00ed me hubiera gustado que el VAR me hubiera llamado y me hubiera dado una nueva oportunidad para observar la jugada\u201d, expres\u00f3.<\/p>\n\n\n\n<p>Respecto al an\u00e1lisis t\u00e9cnico del contacto sobre Mart\u00ednez Quarta, explic\u00f3 que el \u00e1rbitro debe evaluar principalmente dos factores:<strong>&nbsp;la intensidad del contacto y si el atacante ten\u00eda una clara posibilidad de jugar el bal\u00f3n.<\/strong><\/p>\n\n\n\n<p>Scime consider\u00f3 que Herrera entendi\u00f3 que la ca\u00edda del defensor de River no fue proporcional al empuj\u00f3n recibido.&nbsp;\u201cEl \u00e1rbitro consider\u00f3 que la ca\u00edda del jugador de River no result\u00f3 proporcional al contacto recibido ni evidenci\u00f3 una p\u00e9rdida significativa de equilibrio o estabilidad. Por eso entendi\u00f3 que no era infracci\u00f3n\u201d, detall\u00f3.<\/p>\n","protected":false},"excerpt":{"rendered":"<p>El triunfo de Boca en [&hellip;]<\/p>\n","protected":false},"author":1,"featured_media":6522,"comment_status":"closed","ping_status":"closed","sticky":false,"template":"","format":"standard","meta":{"footnotes":""},"categories":[1],"tags":[],"class_list":["post-6521","post","type-post","status-publish","format-standard","has-post-thumbnail","hentry","category-sin-categoria"],"_links":{"self":[{"href":"https:\/\/infoelnordeste.com\/index.php\/wp-json\/wp\/v2\/posts\/6521","targetHints":{"allow":["GET"]}}],"collection":[{"href":"https:\/\/infoelnordeste.com\/index.php\/wp-json\/wp\/v2\/posts"}],"about":[{"href":"https:\/\/infoelnordeste.com\/index.php\/wp-json\/wp\/v2\/types\/post"}],"author":[{"embeddable":true,"href":"https:\/\/infoelnordeste.com\/index.php\/wp-json\/wp\/v2\/users\/1"}],"replies":[{"embeddable":true,"href":"https:\/\/infoelnordeste.com\/index.php\/wp-json\/wp\/v2\/comments?post=6521"}],"version-history":[{"count":1,"href":"https:\/\/infoelnordeste.com\/index.php\/wp-json\/wp\/v2\/posts\/6521\/revisions"}],"predecessor-version":[{"id":6523,"href":"https:\/\/infoelnordeste.com\/index.php\/wp-json\/wp\/v2\/posts\/6521\/revisions\/6523"}],"wp:featuredmedia":[{"embeddable":true,"href":"https:\/\/infoelnordeste.com\/index.php\/wp-json\/wp\/v2\/media\/6522"}],"wp:attachment":[{"href":"https:\/\/infoelnordeste.com\/index.php\/wp-json\/wp\/v2\/media?parent=6521"}],"wp:term":[{"taxonomy":"category","embeddable":true,"href":"https:\/\/infoelnordeste.com\/index.php\/wp-json\/wp\/v2\/categories?post=6521"},{"taxonomy":"post_tag","embeddable":true,"href":"https:\/\/infoelnordeste.com\/index.php\/wp-json\/wp\/v2\/tags?post=6521"}],"curies":[{"name":"wp","href":"https:\/\/api.w.org\/{rel}","templated":true}]}}