{"id":6517,"date":"2026-04-20T19:22:33","date_gmt":"2026-04-20T19:22:33","guid":{"rendered":"https:\/\/infoelnordeste.com\/?p=6517"},"modified":"2026-04-28T19:22:58","modified_gmt":"2026-04-28T19:22:58","slug":"fallecio-alfredo-silvero-uno-de-los-apostoles-que-volvio-a-malvinas","status":"publish","type":"post","link":"https:\/\/infoelnordeste.com\/index.php\/2026\/04\/20\/fallecio-alfredo-silvero-uno-de-los-apostoles-que-volvio-a-malvinas\/","title":{"rendered":"FALLECI\u00d3 ALFREDO SILVERO, UNO DE LOS &#8220;AP\u00d3STOLES&#8221; QUE VOLVI\u00d3 A MALVINAS"},"content":{"rendered":"\n<p>El deceso se produjo el s\u00e1bado por la tarde. Integr\u00f3 la delegaci\u00f3n de exsoldados correntinos que visit\u00f3 las islas en agosto del a\u00f1o pasado. Su carisma, fe en Dios y abrazo a la causa provoc\u00f3 que muchas personas lo despidieran en las redes sociales y en su Empedrado querido.<\/p>\n\n\n\n<p>Un ap\u00f3stol es un mensajero o emisario con una misi\u00f3n espec\u00edfica, com\u00fanmente referido a los doce disc\u00edpulos principales de Jes\u00fas enviados a predicar el evangelio. Esta es una de las definiciones de la palabra que quisimos destacar en el t\u00edtulo.<\/p>\n\n\n\n<p>Es que Alfredo era un predicador de la biblia y su fe lo traslada en todos los lugares que le tocaba visitar. Due\u00f1o de un carisma \u00fanico, supo ganarse el cari\u00f1o de sus pares; pero junto a \u00e9l viajaron otros 11 ap\u00f3stoles de la causa Malvinas. Cada uno guarda su historia de lo que vivieron en el conflicto b\u00e9lico del a\u00f1o 1982.<\/p>\n\n\n\n<p>Silvero integr\u00f3 el Grupo de Artiller\u00eda 3 de la ciudad de Paso de los Libres. Sus restos fueron velados e inhumados ayer. Como todos los veteranos conscriptos fallecidos, fue despedido con todos los honores en un acto coordinado por la Direcci\u00f3n Malvinas Argentinas, a cargo de Jos\u00e9 Galv\u00e1n.<\/p>\n\n\n\n<p>Justamente, Galv\u00e1n fue uno de los presentes en el velatorio realizado en el Centro de Excombatientes de la ciudad de Empedrado.<\/p>\n\n\n\n<p>El director en di\u00e1logo con \u00e9poca expres\u00f3 lo que se vive en cada despedida. &#8220;En el lapso de una semana se nos fueron dos camaradas. La casualidad marca que el pasado s\u00e1bado a la misma hora que falleci\u00f3 Silvero se nos fue en Goya, el camarada Roque Zabala&#8221;, record\u00f3 Galv\u00e1n al tiempo que mencion\u00f3 que en Empedrado la gente le hizo menci\u00f3n a su fortaleza.<\/p>\n\n\n\n<p>En las redes sociales del centro, Silvero recibi\u00f3 cientos de mensajes de despedidas. Camaradas y particulares del todo el pa\u00eds lo destacaron como h\u00e9roe.<\/p>\n\n\n\n<p>En el marco del sexto viaje de exsoldados correntinos a las Islas Malvinas, Silvero se destac\u00f3 por ser una de las personas que levantaba a la tropa por su humor. &#8220;Despu\u00e9s de 43 a\u00f1os pude volver a la zona donde defendimos la Patria. Lamentablemente, hay sectores que tienen avances de obras y no pudimos llegar a la tan ansiada trinchera. De todas maneras viv\u00ed un momento muy emotivo y lo pude compartir con mis camaradas de esta delegaci\u00f3n (ver foto)&#8221;, dijo Silvero en una charla que mantuvo con \u00e9poca en pleno hotel Malvina House de Puerto Argentino.<\/p>\n","protected":false},"excerpt":{"rendered":"<p>El deceso se produjo el [&hellip;]<\/p>\n","protected":false},"author":1,"featured_media":6518,"comment_status":"closed","ping_status":"closed","sticky":false,"template":"","format":"standard","meta":{"footnotes":""},"categories":[1],"tags":[],"class_list":["post-6517","post","type-post","status-publish","format-standard","has-post-thumbnail","hentry","category-sin-categoria"],"_links":{"self":[{"href":"https:\/\/infoelnordeste.com\/index.php\/wp-json\/wp\/v2\/posts\/6517","targetHints":{"allow":["GET"]}}],"collection":[{"href":"https:\/\/infoelnordeste.com\/index.php\/wp-json\/wp\/v2\/posts"}],"about":[{"href":"https:\/\/infoelnordeste.com\/index.php\/wp-json\/wp\/v2\/types\/post"}],"author":[{"embeddable":true,"href":"https:\/\/infoelnordeste.com\/index.php\/wp-json\/wp\/v2\/users\/1"}],"replies":[{"embeddable":true,"href":"https:\/\/infoelnordeste.com\/index.php\/wp-json\/wp\/v2\/comments?post=6517"}],"version-history":[{"count":1,"href":"https:\/\/infoelnordeste.com\/index.php\/wp-json\/wp\/v2\/posts\/6517\/revisions"}],"predecessor-version":[{"id":6519,"href":"https:\/\/infoelnordeste.com\/index.php\/wp-json\/wp\/v2\/posts\/6517\/revisions\/6519"}],"wp:featuredmedia":[{"embeddable":true,"href":"https:\/\/infoelnordeste.com\/index.php\/wp-json\/wp\/v2\/media\/6518"}],"wp:attachment":[{"href":"https:\/\/infoelnordeste.com\/index.php\/wp-json\/wp\/v2\/media?parent=6517"}],"wp:term":[{"taxonomy":"category","embeddable":true,"href":"https:\/\/infoelnordeste.com\/index.php\/wp-json\/wp\/v2\/categories?post=6517"},{"taxonomy":"post_tag","embeddable":true,"href":"https:\/\/infoelnordeste.com\/index.php\/wp-json\/wp\/v2\/tags?post=6517"}],"curies":[{"name":"wp","href":"https:\/\/api.w.org\/{rel}","templated":true}]}}