{"id":6505,"date":"2026-04-19T19:07:37","date_gmt":"2026-04-19T19:07:37","guid":{"rendered":"https:\/\/infoelnordeste.com\/?p=6505"},"modified":"2026-04-28T19:07:52","modified_gmt":"2026-04-28T19:07:52","slug":"juan-cruz-meza-la-sorpresa-del-chacho-coudet","status":"publish","type":"post","link":"https:\/\/infoelnordeste.com\/index.php\/2026\/04\/19\/juan-cruz-meza-la-sorpresa-del-chacho-coudet\/","title":{"rendered":"JUAN CRUZ MEZA, LA SORPRESA DEL &#8220;CHACHO&#8221; COUDET"},"content":{"rendered":"\n<p>River se prepar\u00f3 el Supercl\u00e1sico de hoy en el Monumental sumando una sorpresa; Eduardo Coudet analiz\u00f3 variantes en el mediocampo tras la baja de Fausto Vera, quien sufri\u00f3 un esguince en la rodilla derecha en el triunfo frente a Carabobo. El jugador que ocupar\u00e1 su lugar es el correntino Juan Cruz Meza, juvenil de 18 a\u00f1os que viene ganando terreno en el ciclo del &#8220;Chacho&#8221;.<\/p>\n\n\n\n<p>Seg\u00fan inform\u00f3 La P\u00e1gina Millonaria, Meza fue probado como mediocampista central durante el \u00faltimo parate por fecha FIFA, lo que le da una ventaja clave para acompa\u00f1ar a An\u00edbal Moreno en la mitad de la cancha. El correntino, hermano menor de &#8220;Maxi&#8221; Meza, acumula 12 partidos oficiales en River con dos asistencias y se convirti\u00f3 en uno de los puntos altos del ciclo de Coudet.<\/p>\n\n\n\n<p>La pulseada por el lugar de Vera parec\u00eda incluir a Giuliano Galoppo y Kevin Casta\u00f1o, pero ambos corren desde atr\u00e1s: el ex Banfield arrastra un esguince en el tobillo izquierdo y no suma minutos hace ocho partidos; mientras que el colombiano no logra salir de un nivel muy bajo que le vali\u00f3 cr\u00edticas de los hinchas. En ese contexto, Meza se posiciona como la opci\u00f3n m\u00e1s firme.<\/p>\n\n\n\n<p>Adem\u00e1s, Coudet tiene otra duda en el mediocampo: Ian Subiabre o Kendry P\u00e1ez. El chubutense desaprovech\u00f3 su chance contra Carabobo; mientras que el ecuatoriano ingres\u00f3 bien y cambi\u00f3 la cara del equipo, por lo que podr\u00eda ser titular en el Supercl\u00e1sico.<\/p>\n\n\n\n<p>La probable formaci\u00f3n de River para enfrentar a Boca ser\u00eda: Santiago Beltr\u00e1n; Gonzalo Montiel, Lucas Mart\u00ednez Quarta, Lautaro Rivero, Marcos Acu\u00f1a; An\u00edbal Moreno, Juan Cruz Meza, Tom\u00e1s Galv\u00e1n, Ian Subiabre o Kendry P\u00e1ez; Facundo Colidio y Sebasti\u00e1n Driussi.<\/p>\n\n\n\n<p>El ingreso de Meza marcar\u00eda un salto de confianza en la juventud y en el trabajo de Coudet, que apuesta por un mediocampo din\u00e1mico y con compromiso.<\/p>\n","protected":false},"excerpt":{"rendered":"<p>River se prepar\u00f3 el Supercl\u00e1sico [&hellip;]<\/p>\n","protected":false},"author":1,"featured_media":6506,"comment_status":"closed","ping_status":"closed","sticky":false,"template":"","format":"standard","meta":{"footnotes":""},"categories":[1],"tags":[],"class_list":["post-6505","post","type-post","status-publish","format-standard","has-post-thumbnail","hentry","category-sin-categoria"],"_links":{"self":[{"href":"https:\/\/infoelnordeste.com\/index.php\/wp-json\/wp\/v2\/posts\/6505","targetHints":{"allow":["GET"]}}],"collection":[{"href":"https:\/\/infoelnordeste.com\/index.php\/wp-json\/wp\/v2\/posts"}],"about":[{"href":"https:\/\/infoelnordeste.com\/index.php\/wp-json\/wp\/v2\/types\/post"}],"author":[{"embeddable":true,"href":"https:\/\/infoelnordeste.com\/index.php\/wp-json\/wp\/v2\/users\/1"}],"replies":[{"embeddable":true,"href":"https:\/\/infoelnordeste.com\/index.php\/wp-json\/wp\/v2\/comments?post=6505"}],"version-history":[{"count":1,"href":"https:\/\/infoelnordeste.com\/index.php\/wp-json\/wp\/v2\/posts\/6505\/revisions"}],"predecessor-version":[{"id":6507,"href":"https:\/\/infoelnordeste.com\/index.php\/wp-json\/wp\/v2\/posts\/6505\/revisions\/6507"}],"wp:featuredmedia":[{"embeddable":true,"href":"https:\/\/infoelnordeste.com\/index.php\/wp-json\/wp\/v2\/media\/6506"}],"wp:attachment":[{"href":"https:\/\/infoelnordeste.com\/index.php\/wp-json\/wp\/v2\/media?parent=6505"}],"wp:term":[{"taxonomy":"category","embeddable":true,"href":"https:\/\/infoelnordeste.com\/index.php\/wp-json\/wp\/v2\/categories?post=6505"},{"taxonomy":"post_tag","embeddable":true,"href":"https:\/\/infoelnordeste.com\/index.php\/wp-json\/wp\/v2\/tags?post=6505"}],"curies":[{"name":"wp","href":"https:\/\/api.w.org\/{rel}","templated":true}]}}