{"id":6502,"date":"2026-04-19T19:06:59","date_gmt":"2026-04-19T19:06:59","guid":{"rendered":"https:\/\/infoelnordeste.com\/?p=6502"},"modified":"2026-04-28T19:07:56","modified_gmt":"2026-04-28T19:07:56","slug":"allanaron-la-casa-de-motochorro-luego-de-robar-valija-de-un-auto","status":"publish","type":"post","link":"https:\/\/infoelnordeste.com\/index.php\/2026\/04\/19\/allanaron-la-casa-de-motochorro-luego-de-robar-valija-de-un-auto\/","title":{"rendered":"ALLANARON LA CASA DE MOTOCHORRO LUEGO DE ROBAR VALIJA DE UN AUTO"},"content":{"rendered":"\n<p>Junto a un c\u00f3mplice destrozaron una ventanilla del veh\u00edculo estacionado afuera de un supermercado. Al momento de ser detenido encontraron la motocicleta que utilizaron para escapar. Dado su amplio prontuario criminal podr\u00edan determinar la prisi\u00f3n preventiva.<a href=\"https:\/\/api.whatsapp.com\/send?text=Allanaron%20la%20casa%20de%20motochorro%20luego%20de%20robar%20valija%20de%20un%20auto%20-%20https:\/\/www.diarioepoca.com\/1378342-allanaron-la-casa-de-motochorro-luego-de-robar-valija-de-un-auto?utm_source=WhatsApp%26utm_medium=WhatsApp%26utm_campaign=WhatsApp%26utm_term=WhatsApp\" target=\"_blank\" rel=\"noreferrer noopener\"><\/a><a href=\"https:\/\/www.diarioepoca.com\/1378342-allanaron-la-casa-de-motochorro-luego-de-robar-valija-de-un-auto#\"><\/a><a href=\"https:\/\/www.diarioepoca.com\/1378342-allanaron-la-casa-de-motochorro-luego-de-robar-valija-de-un-auto#\"><\/a><\/p>\n\n\n\n<p>La Polic\u00eda allan\u00f3 la vivienda de un motochorro de amplio prontuario criminal despu\u00e9s de protagonizar el robo de una valija del interior de un autom\u00f3vil estacionado. El delito se produjo frente a un supermercado de la zona sureste de la ciudad de Corrientes.<\/p>\n\n\n\n<p>El procedimiento en el cual localizaron al sospechoso fue concretado en el barrio 17 de Agosto. Es un domicilio donde en otras oportunidades realizaron b\u00fasqueda de objetos robados como tambi\u00e9n del paradero del acusado.<\/p>\n\n\n\n<p>Sebasti\u00e1n Eduardo G. no se resisti\u00f3 a la llegada de efectivos de la Direcci\u00f3n de Investigaci\u00f3n Criminal y de la Divisi\u00f3n Infanter\u00eda. Fue inmediatamente esposado.<\/p>\n\n\n\n<p>La Unidad Fiscal de Investigaciones Concretas a cargo de Lucrecia Troia Quirch dio directivas para dar con los responsables del robo sucedido, hace cuatro d\u00edas, en la esquina de avenida Montecarlo y Siracusa del barrio San Marcelo.<\/p>\n\n\n\n<p>El allanamiento tuvo lugar en un inmueble de calle Necochea, entre N\u00e1poles y Artaza. La casa es habitada por Sebasti\u00e1n G. y algunos familiares, seg\u00fan trascendi\u00f3.<\/p>\n\n\n\n<p>En el interior del domicilio estaba la motocicleta Honda CB 250 Twister que, seg\u00fan la pesquisa encaminada, fue utilizada para concretar la sustracci\u00f3n de una valija.<\/p>\n\n\n\n<p>A media ma\u00f1ana, seg\u00fan se desprende de filmaciones de c\u00e1maras de seguridad, dos motochorros llegaron hasta el frente del supermercado y uno de ellos destroz\u00f3 el vidrio de la puerta delantera derecha de un autom\u00f3vil Renault Kwid.<\/p>\n\n\n\n<p>Sobre uno de los asientos estaba el objeto que decidieron sustraer, tal vez suponiendo que estar\u00eda cargado de objetos de valor, dinero u otras cosas.<\/p>\n\n\n\n<p>Sin embargo, los ladrones escaparon sin nada m\u00e1s, porque la valija de color azul estaba completamente vac\u00eda.<\/p>\n\n\n\n<p>El caso fue iniciado de oficio con intervenci\u00f3n de la Fiscal\u00eda.<\/p>\n\n\n\n<p>Como saldo del an\u00e1lisis de las grabaciones de c\u00e1maras de seguridad consiguieron la identidad de Sebasti\u00e1n G. como uno de los sospechosos, adem\u00e1s de establecer la marca de la moto y modelo.<\/p>\n\n\n\n<p>Con aval del Juzgado de Garant\u00edas hicieron el allanamiento para detener al sindicado motochorro y secuestrar la moto. A la valija mencionada en la causa no encontraron.<\/p>\n\n\n\n<h2 class=\"wp-block-heading\">&#8220;Pesado&#8221;<\/h2>\n\n\n\n<p>El hombre imputado en el reciente delito cuenta en su haber con importante registro de prontuario.<\/p>\n\n\n\n<p>Entre otros il\u00edcitos, en julio de 2018 particip\u00f3 de un asalto a mano armada a un grupo de j\u00f3venes en avenida Cazadores Correntinos y Artaza.<\/p>\n\n\n\n<p>Sebasti\u00e1n G., ten\u00eda por entonces 23 a\u00f1os y finaliz\u00f3 detenido un par de d\u00edas despu\u00e9s.<\/p>\n\n\n\n<p>Cuando fue localizado por la Polic\u00eda acusaba una herida de bala en la mano izquierda.<\/p>\n\n\n\n<p>La lesi\u00f3n la habr\u00eda sufrido en medio de disparos que se efectuaron cuando las v\u00edctimas resistieron y luego ocurri\u00f3 una persecuci\u00f3n policial, en la que uno de sus c\u00f3mplices finaliz\u00f3 detenido en el momento.<\/p>\n\n\n\n<p>En aquel atraco particip\u00f3 otro &#8220;pesado&#8221; del hampa local, un hombre de alias &#8220;Coyote&#8221;.<\/p>\n\n\n\n<p>Con estos antecedentes y la evidencia recolectada la Justicia podr\u00eda determinar la prisi\u00f3n preventiva de Sebasti\u00e1n.<\/p>\n","protected":false},"excerpt":{"rendered":"<p>Junto a un c\u00f3mplice destrozaron [&hellip;]<\/p>\n","protected":false},"author":1,"featured_media":6503,"comment_status":"closed","ping_status":"closed","sticky":false,"template":"","format":"standard","meta":{"footnotes":""},"categories":[1],"tags":[],"class_list":["post-6502","post","type-post","status-publish","format-standard","has-post-thumbnail","hentry","category-sin-categoria"],"_links":{"self":[{"href":"https:\/\/infoelnordeste.com\/index.php\/wp-json\/wp\/v2\/posts\/6502","targetHints":{"allow":["GET"]}}],"collection":[{"href":"https:\/\/infoelnordeste.com\/index.php\/wp-json\/wp\/v2\/posts"}],"about":[{"href":"https:\/\/infoelnordeste.com\/index.php\/wp-json\/wp\/v2\/types\/post"}],"author":[{"embeddable":true,"href":"https:\/\/infoelnordeste.com\/index.php\/wp-json\/wp\/v2\/users\/1"}],"replies":[{"embeddable":true,"href":"https:\/\/infoelnordeste.com\/index.php\/wp-json\/wp\/v2\/comments?post=6502"}],"version-history":[{"count":1,"href":"https:\/\/infoelnordeste.com\/index.php\/wp-json\/wp\/v2\/posts\/6502\/revisions"}],"predecessor-version":[{"id":6504,"href":"https:\/\/infoelnordeste.com\/index.php\/wp-json\/wp\/v2\/posts\/6502\/revisions\/6504"}],"wp:featuredmedia":[{"embeddable":true,"href":"https:\/\/infoelnordeste.com\/index.php\/wp-json\/wp\/v2\/media\/6503"}],"wp:attachment":[{"href":"https:\/\/infoelnordeste.com\/index.php\/wp-json\/wp\/v2\/media?parent=6502"}],"wp:term":[{"taxonomy":"category","embeddable":true,"href":"https:\/\/infoelnordeste.com\/index.php\/wp-json\/wp\/v2\/categories?post=6502"},{"taxonomy":"post_tag","embeddable":true,"href":"https:\/\/infoelnordeste.com\/index.php\/wp-json\/wp\/v2\/tags?post=6502"}],"curies":[{"name":"wp","href":"https:\/\/api.w.org\/{rel}","templated":true}]}}