{"id":6469,"date":"2026-04-16T18:39:43","date_gmt":"2026-04-16T18:39:43","guid":{"rendered":"https:\/\/infoelnordeste.com\/?p=6469"},"modified":"2026-04-28T18:40:00","modified_gmt":"2026-04-28T18:40:00","slug":"pirayui-nuevo-el-barrio-que-busca-llamarse-heroes-de-malvinas","status":"publish","type":"post","link":"https:\/\/infoelnordeste.com\/index.php\/2026\/04\/16\/pirayui-nuevo-el-barrio-que-busca-llamarse-heroes-de-malvinas\/","title":{"rendered":"PIRAYU\u00cd NUEVO, EL BARRIO QUE BUSCA LLAMARSE &#8220;H\u00c9ROES DE MALVINAS&#8221;"},"content":{"rendered":"\n<p>Oficialmente lleva el nombre de Cristina Fern\u00e1ndez de Kirchner. Hubo varios intentos por modificarlo. A 44 a\u00f1os del inicio de la guerra, un grupo de vecinos del complejo habitacional, que el pasado 7 de abril cumpli\u00f3 16 a\u00f1os, pide reconocer a los veteranos que custodian las islas.<a href=\"https:\/\/api.whatsapp.com\/send?text=Pirayu%C3%AD%20Nuevo,%20el%20barrio%20que%20busca%20llamarse%20%22H%C3%A9roes%20de%20Malvinas%22%20-%20https:\/\/www.diarioepoca.com\/1377903-pirayui-nuevo-el-barrio-que-busca-llamarse-heroes-de-malvinas?utm_source=WhatsApp%26utm_medium=WhatsApp%26utm_campaign=WhatsApp%26utm_term=WhatsApp\" target=\"_blank\" rel=\"noreferrer noopener\"><\/a><a href=\"https:\/\/www.diarioepoca.com\/1377903-pirayui-nuevo-el-barrio-que-busca-llamarse-heroes-de-malvinas#\"><\/a><a href=\"https:\/\/www.diarioepoca.com\/1377903-pirayui-nuevo-el-barrio-que-busca-llamarse-heroes-de-malvinas#\"><\/a><\/p>\n\n\n\n<p>El 7 de abril se cumplieron 16 a\u00f1os de la entrega del complejo de 550 viviendas en el denominado Pirayu\u00ed Nuevo. El \u00faltimo domingo, los vecinos celebraron en la plaza principal. Esa barriada es una de las m\u00e1s distantes del centro y tiene la particularidad de que las arterias tienen nombres de veteranos. Por esta raz\u00f3n, hay gestiones para que el nombre oficial reconozca a los h\u00e9roes.<\/p>\n\n\n\n<p>A 44 a\u00f1os del inicio de la guerra en el Atl\u00e1ntico Sur, los que abrazan esta causa buscan mantener la llama encendida. Todas las alternativas son viables a la hora de levantar esta bandera.<\/p>\n\n\n\n<p>Hace 16 a\u00f1os m\u00e1s de 500 familias hicieron posible el sue\u00f1o de la casa propia. Este complejo habitacional construido por el INVICO se encuentra a m\u00e1s de 10 kil\u00f3metros del centro de la capital.<\/p>\n\n\n\n<p>Pese al paso de los a\u00f1os hay servicios que los vecinos reclaman como prioritarios. Uno de esos son: el asfalto de la calle principal \u0096Jos\u00e9 Ferrau- y si es posible sus transversales.<\/p>\n\n\n\n<p>Justamente, Ferrau es uno de los 13 exsoldados combatientes correntinos en la guerra de Malvinas que figura en los carteles de la calle de esa barriada.<\/p>\n\n\n\n<p>Oficialmente el nombre del barrio es &#8220;Cristina Fern\u00e1ndez de Kirchner&#8221;. La expresidente que hoy cumple prisi\u00f3n domiciliaria en su departamento de la ciudad Aut\u00f3noma de Buenos Aires.<\/p>\n\n\n\n<p>Antes de esa condena hubo varios intentos por cambiar el nombre del barrio, pero para que se proceda a la modificaci\u00f3n se debe presentar un proyecto en el Concejo Deliberante capitalino.<\/p>\n\n\n\n<p>Los \u00faltimos proyectos presentados tuvieron la fuerte resistencia del bloque del &#8220;Partido Justicialista&#8221; y algunos aliados de ese cuerpo legislativo.<\/p>\n\n\n\n<p>En las \u00faltimas horas, en el marco de los 44 a\u00f1os del inicio de la guerra de Malvinas, algunos vecinos del Pirayu\u00ed Nuevo reflotaron la idea de modificar el nombre oficial.<\/p>\n\n\n\n<p>Uno de los argumentos es que las arterias del barrio cuentan con nombre de exconscriptos que custodian las islas. Para repasar, adem\u00e1s de Ferrau, all\u00ed se encuentra la calle Diego Ferreyra \u0096recordado en una de las letras del chamam\u00e9 escrito por el Padre Juli\u00e1n Zini-.<\/p>\n\n\n\n<p>La n\u00f3mina sigue con Carmelo Fern\u00e1ndez, Juan Ra\u00fal Serradori, Ram\u00f3n Garc\u00eda, Rafael L\u00f3pez, Rub\u00e9n Alfredo Loreiro, Lorenzo Gabriel Toledo, Ram\u00f3n Antonio Meza, Pablo Obreg\u00f3n, Secundino Riquelme, Gabino Ruiz D\u00edaz y Juan Sim\u00f3n S\u00e1nchez.<\/p>\n\n\n\n<p>Todos estos nombres se encuentran en el memorial que se halla en el cementerio de Darwin en las Islas Malvinas (ver fotos).<\/p>\n\n\n\n<p>Por este motivo, los impulsores del cambio de nombre del barrio hicieron llegar la inquietud al titular del \u00e1rea de Malvinas de la provincia, Jos\u00e9 Galv\u00e1n. El funcionario se\u00f1al\u00f3 a \u00e9poca que realizar\u00e1 las gestiones con el presidente del Concejo Deliberante, Marcos Amarilla.<\/p>\n\n\n\n<p>Adem\u00e1s, inform\u00f3 que plantear\u00e1 agregar el nombre Walter Alderete. Excombatiente que falleci\u00f3 hace unos a\u00f1os en un siniestro vial y fue vecino del Pirayu\u00ed II.<\/p>\n\n\n\n<h2 class=\"wp-block-heading\">Celebraci\u00f3n<\/h2>\n\n\n\n<p>El pasado domingo en horas de la tarde, ni\u00f1os y adultos de las 550 viviendas del Pirayu\u00ed Nuevo, se congregaron para celebrar los 16 a\u00f1os de vida del barrio.<\/p>\n\n\n\n<p>Con la colaboraci\u00f3n de todos hicieron posible que el festejo sea muy especial. Se vivi\u00f3 un momento ameno con m\u00fasica en vivo, payasos solidarios, ferias y sorteos para los presentes. Los regalos fueron donados por los propios vecinos que destacaron el momento de confraternidad que se comparti\u00f3.<\/p>\n","protected":false},"excerpt":{"rendered":"<p>Oficialmente lleva el nombre de [&hellip;]<\/p>\n","protected":false},"author":1,"featured_media":6470,"comment_status":"closed","ping_status":"closed","sticky":false,"template":"","format":"standard","meta":{"footnotes":""},"categories":[1],"tags":[],"class_list":["post-6469","post","type-post","status-publish","format-standard","has-post-thumbnail","hentry","category-sin-categoria"],"_links":{"self":[{"href":"https:\/\/infoelnordeste.com\/index.php\/wp-json\/wp\/v2\/posts\/6469","targetHints":{"allow":["GET"]}}],"collection":[{"href":"https:\/\/infoelnordeste.com\/index.php\/wp-json\/wp\/v2\/posts"}],"about":[{"href":"https:\/\/infoelnordeste.com\/index.php\/wp-json\/wp\/v2\/types\/post"}],"author":[{"embeddable":true,"href":"https:\/\/infoelnordeste.com\/index.php\/wp-json\/wp\/v2\/users\/1"}],"replies":[{"embeddable":true,"href":"https:\/\/infoelnordeste.com\/index.php\/wp-json\/wp\/v2\/comments?post=6469"}],"version-history":[{"count":1,"href":"https:\/\/infoelnordeste.com\/index.php\/wp-json\/wp\/v2\/posts\/6469\/revisions"}],"predecessor-version":[{"id":6471,"href":"https:\/\/infoelnordeste.com\/index.php\/wp-json\/wp\/v2\/posts\/6469\/revisions\/6471"}],"wp:featuredmedia":[{"embeddable":true,"href":"https:\/\/infoelnordeste.com\/index.php\/wp-json\/wp\/v2\/media\/6470"}],"wp:attachment":[{"href":"https:\/\/infoelnordeste.com\/index.php\/wp-json\/wp\/v2\/media?parent=6469"}],"wp:term":[{"taxonomy":"category","embeddable":true,"href":"https:\/\/infoelnordeste.com\/index.php\/wp-json\/wp\/v2\/categories?post=6469"},{"taxonomy":"post_tag","embeddable":true,"href":"https:\/\/infoelnordeste.com\/index.php\/wp-json\/wp\/v2\/tags?post=6469"}],"curies":[{"name":"wp","href":"https:\/\/api.w.org\/{rel}","templated":true}]}}