{"id":6466,"date":"2026-04-16T18:38:37","date_gmt":"2026-04-16T18:38:37","guid":{"rendered":"https:\/\/infoelnordeste.com\/?p=6466"},"modified":"2026-04-28T18:40:05","modified_gmt":"2026-04-28T18:40:05","slug":"abigeato-incautaron-carne-armas-y-hay-un-detenido","status":"publish","type":"post","link":"https:\/\/infoelnordeste.com\/index.php\/2026\/04\/16\/abigeato-incautaron-carne-armas-y-hay-un-detenido\/","title":{"rendered":"ABIGEATO: INCAUTARON CARNE, ARMAS Y HAY UN DETENIDO"},"content":{"rendered":"\n<p>Una investigaci\u00f3n por abigeato agravado culmin\u00f3 con un detenido en el paraje Ombucito y el secuestro de 16 bolsas con distintos cortes de carne bovina, presuntamente producto de faena ilegal, varios elementos rurales, herramientas, cuchillos, sierras, equipos de pesca, entre otros objetos.<a href=\"https:\/\/api.whatsapp.com\/send?text=Abigeato:%20incautaron%20carne,%20armas%20y%20hay%20un%20detenido%20-%20https:\/\/www.diarioepoca.com\/1377906-abigeato-incautaron-carne-armas-y-hay-un-detenido?utm_source=WhatsApp%26utm_medium=WhatsApp%26utm_campaign=WhatsApp%26utm_term=WhatsApp\" target=\"_blank\" rel=\"noreferrer noopener\"><\/a><a href=\"https:\/\/www.diarioepoca.com\/1377906-abigeato-incautaron-carne-armas-y-hay-un-detenido#\"><\/a><a href=\"https:\/\/www.diarioepoca.com\/1377906-abigeato-incautaron-carne-armas-y-hay-un-detenido#\"><\/a><\/p>\n\n\n\n<p>&nbsp;Asimismo, en otro de los domicilios cateados, la Polic\u00eda incaut\u00f3 un rev\u00f3lver calibre .22 con numeraci\u00f3n suprimida y una escopeta calibre 12 con municiones, todas las armas sin registrar.<\/p>\n\n\n\n<p>La causa est\u00e1 en manos de la UFIC de la doctora Daniela Di Tomaso, quien pidi\u00f3 sean allanadas dos propiedades por parte de efectivos de la Unidad Especial Polic\u00eda Rural y Ecol\u00f3gica de Paso de los Libres y Amado Bonpland.<\/p>\n\n\n\n<p>Durante la redada, detuvieron a un hombre de apellido Fern\u00e1ndez, sospechoso principal en el expediente.<\/p>\n","protected":false},"excerpt":{"rendered":"<p>Una investigaci\u00f3n por abigeato agravado [&hellip;]<\/p>\n","protected":false},"author":1,"featured_media":6467,"comment_status":"closed","ping_status":"closed","sticky":false,"template":"","format":"standard","meta":{"footnotes":""},"categories":[1],"tags":[],"class_list":["post-6466","post","type-post","status-publish","format-standard","has-post-thumbnail","hentry","category-sin-categoria"],"_links":{"self":[{"href":"https:\/\/infoelnordeste.com\/index.php\/wp-json\/wp\/v2\/posts\/6466","targetHints":{"allow":["GET"]}}],"collection":[{"href":"https:\/\/infoelnordeste.com\/index.php\/wp-json\/wp\/v2\/posts"}],"about":[{"href":"https:\/\/infoelnordeste.com\/index.php\/wp-json\/wp\/v2\/types\/post"}],"author":[{"embeddable":true,"href":"https:\/\/infoelnordeste.com\/index.php\/wp-json\/wp\/v2\/users\/1"}],"replies":[{"embeddable":true,"href":"https:\/\/infoelnordeste.com\/index.php\/wp-json\/wp\/v2\/comments?post=6466"}],"version-history":[{"count":1,"href":"https:\/\/infoelnordeste.com\/index.php\/wp-json\/wp\/v2\/posts\/6466\/revisions"}],"predecessor-version":[{"id":6468,"href":"https:\/\/infoelnordeste.com\/index.php\/wp-json\/wp\/v2\/posts\/6466\/revisions\/6468"}],"wp:featuredmedia":[{"embeddable":true,"href":"https:\/\/infoelnordeste.com\/index.php\/wp-json\/wp\/v2\/media\/6467"}],"wp:attachment":[{"href":"https:\/\/infoelnordeste.com\/index.php\/wp-json\/wp\/v2\/media?parent=6466"}],"wp:term":[{"taxonomy":"category","embeddable":true,"href":"https:\/\/infoelnordeste.com\/index.php\/wp-json\/wp\/v2\/categories?post=6466"},{"taxonomy":"post_tag","embeddable":true,"href":"https:\/\/infoelnordeste.com\/index.php\/wp-json\/wp\/v2\/tags?post=6466"}],"curies":[{"name":"wp","href":"https:\/\/api.w.org\/{rel}","templated":true}]}}