{"id":6460,"date":"2026-04-16T18:28:40","date_gmt":"2026-04-16T18:28:40","guid":{"rendered":"https:\/\/infoelnordeste.com\/?p=6460"},"modified":"2026-04-28T18:40:12","modified_gmt":"2026-04-28T18:40:12","slug":"el-stj-rechazo-el-accionar-del-juez-y-habilito-la-apelacion-por-el-embargo-a-la-bolsa","status":"publish","type":"post","link":"https:\/\/infoelnordeste.com\/index.php\/2026\/04\/16\/el-stj-rechazo-el-accionar-del-juez-y-habilito-la-apelacion-por-el-embargo-a-la-bolsa\/","title":{"rendered":"EL STJ RECHAZ\u00d3 EL ACCIONAR DEL JUEZ Y HABILIT\u00d3 LA APELACI\u00d3N POR EL EMBARGO A LA BOLSA"},"content":{"rendered":"\n<p>El m\u00e1ximo tribunal cuestion\u00f3 el criterio restrictivo del juzgado correccional y prioriz\u00f3 el acceso a la revisi\u00f3n. La causa sigue abierta y ahora el Municipio deber\u00e1 responder.<a href=\"https:\/\/api.whatsapp.com\/send?text=El%20STJ%20rechaz%C3%B3%20el%20accionar%20del%20juez%20y%20habilit%C3%B3%20la%20apelaci%C3%B3n%20por%20el%20embargo%20a%20la%20Bolsa%20-%20https:\/\/www.diarionorte.com\/326404-el-stj-rechazo-el-accionar-del-juez-y-habilito-la-apelacion-por-el-embargo-a-la-bolsa?utm_source=WhatsApp%26utm_medium=WhatsApp%26utm_campaign=WhatsApp%26utm_term=WhatsApp\" target=\"_blank\" rel=\"noreferrer noopener\"><\/a><a href=\"https:\/\/www.diarionorte.com\/326404-el-stj-rechazo-el-accionar-del-juez-y-habilito-la-apelacion-por-el-embargo-a-la-bolsa#\"><\/a><a href=\"https:\/\/www.diarionorte.com\/326404-el-stj-rechazo-el-accionar-del-juez-y-habilito-la-apelacion-por-el-embargo-a-la-bolsa#\"><\/a><\/p>\n\n\n\n<p>En una sentencia firmada el martes, integrantes del Superior Tribunal de Justicia del Chaco resolvieron hacer lugar al recurso de queja presentado por la Bolsa de Comercio del Chaco y habilitaron la instancia de apelaci\u00f3n contra el embargo preventivo millonario dispuesto por el juez correccional de S\u00e1enz Pe\u00f1a, Carlos De C\u00e9sare.<a href=\"https:\/\/www.diarionorte.com\/326404-el-stj-rechazo-el-accionar-del-juez-y-habilito-la-apelacion-por-el-embargo-a-la-bolsa#\"><\/a><\/p>\n\n\n\n<p>Como se sabe, la entidad del mercado financiero mantiene una disputa con la Comuna de S\u00e1enz Pe\u00f1a por supuestas irregularidades en el manejo de los fondos p\u00fablicos en carteras de inversi\u00f3n, y por ello el Municipio pidi\u00f3 y el magistrado local accedi\u00f3 a retener poco m\u00e1s de 1800 millones de pesos, que fue el monto que invirti\u00f3.<\/p>\n\n\n\n<p>El fallo implica, en los hechos, un severo cuestionamiento al accionar del magistrado de primera instancia, quien hab\u00eda rechazado la apelaci\u00f3n bajo el argumento de que sus resoluciones no eran impugnables por esa v\u00eda y que el caso deb\u00eda regirse por las normas del proceso penal.<\/p>\n\n\n\n<p>El STJ, sin embargo, desarm\u00f3 esa interpretaci\u00f3n y dej\u00f3 en claro que el proceso en cuesti\u00f3n tramita bajo la Ley de Amparo, que tiene reglas propias y garantiza el acceso a instancias de revisi\u00f3n. En ese sentido, sostuvo que &#8220;no corresponde trasladar sin m\u00e1s las reglas propias del fuero penal a un proceso de naturaleza constitucional&#8221;, marcando un l\u00edmite claro a la decisi\u00f3n adoptada en S\u00e1enz Pe\u00f1a.<\/p>\n\n\n\n<p><strong>FORMALISMO<\/strong><\/p>\n\n\n\n<p>Uno de los ejes centrales del fallo es el rechazo al excesivo rigor formal aplicado por el juzgado correccional. Para los jueces, impedir la revisi\u00f3n de una medida de tal magnitud patrimonial implicar\u00eda una vulneraci\u00f3n directa del derecho de defensa.<\/p>\n\n\n\n<p>Otro punto clave del fallo es la consideraci\u00f3n del embargo preventivo como una medida de efectos equiparables a una sentencia definitiva.<\/p>\n\n\n\n<p>El STJ entendi\u00f3 que, por su magnitud y consecuencias, la cautelar &#8220;trasciende el car\u00e1cter meramente provisional&#8221; y puede generar un da\u00f1o de &#8220;imposible reparaci\u00f3n&#8221; para la Bolsa, que deposit\u00f3 el monto exigible para evitar un embargo de cuentas, que le hubiera ocasionado un problema may\u00fasculo en sus operaciones diarias.<\/p>\n\n\n\n<p>En lo que hace a los votos, el juez N\u00e9stor Enrique Varela, en su voto, reconoci\u00f3 que existen antecedentes en sentido contrario, pero consider\u00f3 necesario modificar ese criterio.<\/p>\n\n\n\n<p>&#8220;El cierre de la v\u00eda recursiva fundado en una exigencia meramente formal puede traducirse en la frustraci\u00f3n del derecho de la parte a obtener la revisi\u00f3n de una decisi\u00f3n judicial&#8221;, advirti\u00f3.<\/p>\n\n\n\n<p>Adem\u00e1s, apel\u00f3 a la doctrina del &#8220;exceso ritual manifiesto&#8221; y al principio del &#8220;recurso indiferente&#8221;, destacando que los jueces deben reconducir los planteos cuando est\u00e1n en juego derechos fundamentales.<\/p>\n\n\n\n<p><strong>ANTECEDENTES<\/strong><\/p>\n\n\n\n<p>La resoluci\u00f3n del STJ se alinea con el dictamen previo del Procurador General, Jorge Canteros, quien tambi\u00e9n hab\u00eda recomendado admitir la queja.<\/p>\n\n\n\n<p>Canteros sostuvo que, aunque la medida no fuera definitiva en sentido estricto, deb\u00eda ser considerada como tal por sus efectos, ya que generaba &#8220;un agravio de imposible o tard\u00eda reparaci\u00f3n ulterior&#8221;.<\/p>\n\n\n\n<p>Ahora, ser\u00e1 el Municipio de S\u00e1enz Pe\u00f1a el que deba resolver en diez d\u00edas si contin\u00faa con el pleito (deber\u00e1 responder al STJ las razones que motivaron la demanda) o bien la retira a partir de un acuerdo con la Bolsa de Comercio sobre la devoluci\u00f3n de los fondos hoy embargados, una opci\u00f3n que cobra fuerza en los pasillos pol\u00edticos y judiciales, y que cerrar\u00eda una disputa de peso que lleva meses.<\/p>\n","protected":false},"excerpt":{"rendered":"<p>El m\u00e1ximo tribunal cuestion\u00f3 el [&hellip;]<\/p>\n","protected":false},"author":1,"featured_media":6461,"comment_status":"closed","ping_status":"closed","sticky":false,"template":"","format":"standard","meta":{"footnotes":""},"categories":[1],"tags":[],"class_list":["post-6460","post","type-post","status-publish","format-standard","has-post-thumbnail","hentry","category-sin-categoria"],"_links":{"self":[{"href":"https:\/\/infoelnordeste.com\/index.php\/wp-json\/wp\/v2\/posts\/6460","targetHints":{"allow":["GET"]}}],"collection":[{"href":"https:\/\/infoelnordeste.com\/index.php\/wp-json\/wp\/v2\/posts"}],"about":[{"href":"https:\/\/infoelnordeste.com\/index.php\/wp-json\/wp\/v2\/types\/post"}],"author":[{"embeddable":true,"href":"https:\/\/infoelnordeste.com\/index.php\/wp-json\/wp\/v2\/users\/1"}],"replies":[{"embeddable":true,"href":"https:\/\/infoelnordeste.com\/index.php\/wp-json\/wp\/v2\/comments?post=6460"}],"version-history":[{"count":1,"href":"https:\/\/infoelnordeste.com\/index.php\/wp-json\/wp\/v2\/posts\/6460\/revisions"}],"predecessor-version":[{"id":6462,"href":"https:\/\/infoelnordeste.com\/index.php\/wp-json\/wp\/v2\/posts\/6460\/revisions\/6462"}],"wp:featuredmedia":[{"embeddable":true,"href":"https:\/\/infoelnordeste.com\/index.php\/wp-json\/wp\/v2\/media\/6461"}],"wp:attachment":[{"href":"https:\/\/infoelnordeste.com\/index.php\/wp-json\/wp\/v2\/media?parent=6460"}],"wp:term":[{"taxonomy":"category","embeddable":true,"href":"https:\/\/infoelnordeste.com\/index.php\/wp-json\/wp\/v2\/categories?post=6460"},{"taxonomy":"post_tag","embeddable":true,"href":"https:\/\/infoelnordeste.com\/index.php\/wp-json\/wp\/v2\/tags?post=6460"}],"curies":[{"name":"wp","href":"https:\/\/api.w.org\/{rel}","templated":true}]}}