{"id":6454,"date":"2026-04-15T18:23:09","date_gmt":"2026-04-15T18:23:09","guid":{"rendered":"https:\/\/infoelnordeste.com\/?p=6454"},"modified":"2026-04-28T18:24:21","modified_gmt":"2026-04-28T18:24:21","slug":"boca-unidos-entre-una-unidad-que-suma-y-una-baja-sensible-por-lesion","status":"publish","type":"post","link":"https:\/\/infoelnordeste.com\/index.php\/2026\/04\/15\/boca-unidos-entre-una-unidad-que-suma-y-una-baja-sensible-por-lesion\/","title":{"rendered":"BOCA UNIDOS, ENTRE UNA UNIDAD QUE SUMA Y UNA BAJA SENSIBLE POR LESI\u00d3N"},"content":{"rendered":"\n<p>Luego de igualar 1 a 1 ante San Mart\u00edn en la capital formose\u00f1a, el equipo aurirrojo se alistar\u00e1 para su tercera presentaci\u00f3n de local. Se confirm\u00f3 que el defensor Bryan Mendoza sufri\u00f3 una lesi\u00f3n ligamentaria.<\/p>\n\n\n\n<p>Por la cuarta fecha del Torneo Federal A, Boca Unidos volvi\u00f3 a sumar luego de dos derrotas en fila en la Zona 2. En un terreno de juego complicado por las lluvias que padeci\u00f3 la capital formose\u00f1a, el equipo correntino igual\u00f3 sobre la hora 1 a 1 ante San Mart\u00edn en el estadio 17 de Octubre.<\/p>\n\n\n\n<p>De penal, el correntino Mart\u00edn Ojeda estamp\u00f3 la igualdad para traerse algo de un recinto complicado. El plantel conducido t\u00e9cnicamente por Lucas Batistuta tendr\u00e1 una semana de entrenamientos en el predio Leoncio Ben\u00edtez para preparar su duelo de la cuarta fecha. El encuentro ante Tucum\u00e1n Central tendr\u00eda una particularidad en el horario por otro partido que se robar\u00e1 toda la atenci\u00f3n del pr\u00f3ximo domingo.<\/p>\n\n\n\n<p>El 19 de abril, Boca Unidos jugar\u00eda desde las 11 de la ma\u00f1ana en su estadio del barrio 17 de Agosto. Esto se dar\u00eda porque a la tarde se jugar\u00e1 el supercl\u00e1sico del f\u00fatbol argentino, con River Plate recibiendo a Boca Juniors en el estadio Monumental por el Torneo Apertura LPF. Al ser un duelo esperado por propios y extra\u00f1os, programarlo en paralelo (jugar\u00e1n desde las 17) podr\u00eda generar una merma significativa en la asistencia del p\u00fablico. Considerando esta cuesti\u00f3n, de no ser programado el d\u00eda anterior, la versi\u00f3n extraoficial ya circula pero habr\u00e1 que esperar la confirmaci\u00f3n del Consejo Federal de F\u00fatbol (el mi\u00e9rcoles habr\u00eda una definici\u00f3n al respecto).<\/p>\n\n\n\n<p>En la previa del duelo ante San Mart\u00edn, el plantel profesional pos\u00f3 con un cartel con el mensaje &#8220;Fuerza Bryan&#8221; junto al escudo del club en referencia a Mendoza. El lateral derecho sufri\u00f3 una lesi\u00f3n ligamentaria en un cruzado anterior que lo tendr\u00e1 unos meses fuera de las canchas.<\/p>\n\n\n\n<p>Por su parte, Boca Unidos tratar\u00e1 de regresar a la victoria luego de tres encuentros, ya que solo sum\u00f3 de a tres en el debut. Luego de este compromiso ante el elenco tucumano, el elenco aurirrojo tendr\u00e1 fecha libre en la sexta jornada y, despu\u00e9s, abrir\u00e1 mayo visitando a Sarmiento en Resistencia.<\/p>\n","protected":false},"excerpt":{"rendered":"<p>Luego de igualar 1 a [&hellip;]<\/p>\n","protected":false},"author":1,"featured_media":6455,"comment_status":"closed","ping_status":"closed","sticky":false,"template":"","format":"standard","meta":{"footnotes":""},"categories":[1],"tags":[],"class_list":["post-6454","post","type-post","status-publish","format-standard","has-post-thumbnail","hentry","category-sin-categoria"],"_links":{"self":[{"href":"https:\/\/infoelnordeste.com\/index.php\/wp-json\/wp\/v2\/posts\/6454","targetHints":{"allow":["GET"]}}],"collection":[{"href":"https:\/\/infoelnordeste.com\/index.php\/wp-json\/wp\/v2\/posts"}],"about":[{"href":"https:\/\/infoelnordeste.com\/index.php\/wp-json\/wp\/v2\/types\/post"}],"author":[{"embeddable":true,"href":"https:\/\/infoelnordeste.com\/index.php\/wp-json\/wp\/v2\/users\/1"}],"replies":[{"embeddable":true,"href":"https:\/\/infoelnordeste.com\/index.php\/wp-json\/wp\/v2\/comments?post=6454"}],"version-history":[{"count":1,"href":"https:\/\/infoelnordeste.com\/index.php\/wp-json\/wp\/v2\/posts\/6454\/revisions"}],"predecessor-version":[{"id":6456,"href":"https:\/\/infoelnordeste.com\/index.php\/wp-json\/wp\/v2\/posts\/6454\/revisions\/6456"}],"wp:featuredmedia":[{"embeddable":true,"href":"https:\/\/infoelnordeste.com\/index.php\/wp-json\/wp\/v2\/media\/6455"}],"wp:attachment":[{"href":"https:\/\/infoelnordeste.com\/index.php\/wp-json\/wp\/v2\/media?parent=6454"}],"wp:term":[{"taxonomy":"category","embeddable":true,"href":"https:\/\/infoelnordeste.com\/index.php\/wp-json\/wp\/v2\/categories?post=6454"},{"taxonomy":"post_tag","embeddable":true,"href":"https:\/\/infoelnordeste.com\/index.php\/wp-json\/wp\/v2\/tags?post=6454"}],"curies":[{"name":"wp","href":"https:\/\/api.w.org\/{rel}","templated":true}]}}