{"id":6451,"date":"2026-04-15T18:22:31","date_gmt":"2026-04-15T18:22:31","guid":{"rendered":"https:\/\/infoelnordeste.com\/?p=6451"},"modified":"2026-04-28T18:24:27","modified_gmt":"2026-04-28T18:24:27","slug":"dos-anos-de-prision-en-suspenso-por-robar-camionetas-con-inhibidor","status":"publish","type":"post","link":"https:\/\/infoelnordeste.com\/index.php\/2026\/04\/15\/dos-anos-de-prision-en-suspenso-por-robar-camionetas-con-inhibidor\/","title":{"rendered":"DOS A\u00d1OS DE PRISI\u00d3N EN SUSPENSO POR ROBAR CAMIONETAS CON INHIBIDOR"},"content":{"rendered":"\n<p>Fue durante un juicio abreviado y con aceptaci\u00f3n de las v\u00edctimas. Los condenados son dos de los integrantes de la banda. El cabecilla, quien llev\u00f3 adelante las sustracciones, ser\u00e1 juzgado m\u00e1s adelante, dado que posee antecedentes penales por otros hechos.<a href=\"https:\/\/api.whatsapp.com\/send?text=Dos%20a%C3%B1os%20de%20prisi%C3%B3n%20en%20suspenso%20por%20robar%20camionetas%20con%20inhibidor%20-%20https:\/\/www.diarioepoca.com\/1377908-dos-anos-de-prision-en-suspenso-por-robar-camionetas-con-inhibidor?utm_source=WhatsApp%26utm_medium=WhatsApp%26utm_campaign=WhatsApp%26utm_term=WhatsApp\" target=\"_blank\" rel=\"noreferrer noopener\"><\/a><a href=\"https:\/\/www.diarioepoca.com\/1377908-dos-anos-de-prision-en-suspenso-por-robar-camionetas-con-inhibidor#\"><\/a><a href=\"https:\/\/www.diarioepoca.com\/1377908-dos-anos-de-prision-en-suspenso-por-robar-camionetas-con-inhibidor#\"><\/a><\/p>\n\n\n\n<p>Dos integrantes de una banda de delincuentes oriundos de la ciudad santafesina de Rosario y detenidos hace poco m\u00e1s de un mes en Mercedes, por la Polic\u00eda de Corrientes, luego de robar varias camionetas utilizando un inhibidor de alarmas, fueron condenados a dos a\u00f1os de prisi\u00f3n en suspenso, tras un juicio abreviado y un acuerdo con las v\u00edctimas. Estos seguir\u00e1n libres, pero el juez les orden\u00f3 un r\u00e9gimen de conducta para evitar continuar su pena en prisi\u00f3n.<\/p>\n\n\n\n<p>Sin embargo, el tercer miembro del grupo y cabecilla de la organizaci\u00f3n criminal ser\u00e1 juzgado aparte, ya que posee antecedentes penales.<\/p>\n\n\n\n<p>As\u00ed lo hizo saber ayer el poder judicial a trav\u00e9s de su \u00e1rea de prensa. El juicio abreviado se llev\u00f3 a cabo el d\u00eda jueves y tuvo en el banquillo de los acusados a dos de los delincuentes identificados como Iv\u00e1n A. C. y Maximiliano R. Z.,.<\/p>\n\n\n\n<p>Los hechos fueron denunciados el 4 de marzo y ese mismo d\u00eda, personal de investigaciones de la comisar\u00eda Primera de Mercedes realiz\u00f3 un r\u00e1pida y eficaz inteligencia y peritaje de c\u00e1maras de las zonas donde atacaron los maleantes, pudiendo identificar uno de los veh\u00edculos en los que se mov\u00edan, para luego detenerlos.<\/p>\n\n\n\n<p>Tras juicio abreviado impulsado por el fiscal Adri\u00e1n Casarrubia y los abogados defensores, Jorge Barboza y Patricia Teresa B\u00e1ez, con anuencia de las v\u00edctimas, se arrib\u00f3 a un acuerdo.<\/p>\n\n\n\n<p>Cabe se\u00f1alar que, los delincuentes se llevaron de uno de los veh\u00edculos un celular valuado en alrededor de $600.000 y otros elementos; mientras que de la segunda camioneta, Toyota Hilux, se robaron 600 d\u00f3lares y $750.000 en efectivos.<\/p>\n\n\n\n<p>En este sentido, el juez de garant\u00edas subrogante, Gustavo Ren\u00e9 Buffil, homolog\u00f3 aquel acuerdo, promovido por el fiscal del caso. En aquel acuerdo, los acusados se comprometen a devolver todos los elementos y valores robados a las v\u00edctimas; adem\u00e1s de otro monto econ\u00f3mico significativo para la reparaci\u00f3n de da\u00f1os en los veh\u00edculos. El juez conden\u00f3 a ambos a la pena de dos a\u00f1os de prisi\u00f3n en suspenso y reglas de conductas por el mismo t\u00e9rmino.<\/p>\n\n\n\n<h2 class=\"wp-block-heading\">El tercer integrante<\/h2>\n\n\n\n<p>Pero all\u00ed solo se cerr\u00f3 uno de los cap\u00edtulos de los hechos perpetrados por la banda, ya que queda un tercer integrante de la misma que a\u00fan espera por ser juzgado. En este caso su situaci\u00f3n procesal es m\u00e1s delicada, ya que se lo se\u00f1ala como el cabecilla de la organizaci\u00f3n, quien posee antecedentes penales por otros hechos delictivos graves.<\/p>\n\n\n\n<p>Se trata de Alejandro M. L., oriundo de Rosario y quien seg\u00fan fuentes judiciales posee antecedentes penales por robos en aquella provincia y ya habr\u00eda estado detenido antes. En este caso a\u00fan no se ha fijado fecha de debate o si por el contrario, podr\u00eda realizarse tambi\u00e9n un juicio abreviado.<\/p>\n","protected":false},"excerpt":{"rendered":"<p>Fue durante un juicio abreviado [&hellip;]<\/p>\n","protected":false},"author":1,"featured_media":6452,"comment_status":"closed","ping_status":"closed","sticky":false,"template":"","format":"standard","meta":{"footnotes":""},"categories":[1],"tags":[],"class_list":["post-6451","post","type-post","status-publish","format-standard","has-post-thumbnail","hentry","category-sin-categoria"],"_links":{"self":[{"href":"https:\/\/infoelnordeste.com\/index.php\/wp-json\/wp\/v2\/posts\/6451","targetHints":{"allow":["GET"]}}],"collection":[{"href":"https:\/\/infoelnordeste.com\/index.php\/wp-json\/wp\/v2\/posts"}],"about":[{"href":"https:\/\/infoelnordeste.com\/index.php\/wp-json\/wp\/v2\/types\/post"}],"author":[{"embeddable":true,"href":"https:\/\/infoelnordeste.com\/index.php\/wp-json\/wp\/v2\/users\/1"}],"replies":[{"embeddable":true,"href":"https:\/\/infoelnordeste.com\/index.php\/wp-json\/wp\/v2\/comments?post=6451"}],"version-history":[{"count":1,"href":"https:\/\/infoelnordeste.com\/index.php\/wp-json\/wp\/v2\/posts\/6451\/revisions"}],"predecessor-version":[{"id":6453,"href":"https:\/\/infoelnordeste.com\/index.php\/wp-json\/wp\/v2\/posts\/6451\/revisions\/6453"}],"wp:featuredmedia":[{"embeddable":true,"href":"https:\/\/infoelnordeste.com\/index.php\/wp-json\/wp\/v2\/media\/6452"}],"wp:attachment":[{"href":"https:\/\/infoelnordeste.com\/index.php\/wp-json\/wp\/v2\/media?parent=6451"}],"wp:term":[{"taxonomy":"category","embeddable":true,"href":"https:\/\/infoelnordeste.com\/index.php\/wp-json\/wp\/v2\/categories?post=6451"},{"taxonomy":"post_tag","embeddable":true,"href":"https:\/\/infoelnordeste.com\/index.php\/wp-json\/wp\/v2\/tags?post=6451"}],"curies":[{"name":"wp","href":"https:\/\/api.w.org\/{rel}","templated":true}]}}