{"id":6442,"date":"2026-04-14T18:17:29","date_gmt":"2026-04-14T18:17:29","guid":{"rendered":"https:\/\/infoelnordeste.com\/?p=6442"},"modified":"2026-04-28T18:18:28","modified_gmt":"2026-04-28T18:18:28","slug":"el-gobierno-va-por-la-suspension-de-las-elecciones-primarias-obligatorias","status":"publish","type":"post","link":"https:\/\/infoelnordeste.com\/index.php\/2026\/04\/14\/el-gobierno-va-por-la-suspension-de-las-elecciones-primarias-obligatorias\/","title":{"rendered":"EL GOBIERNO VA POR LA SUSPENSI\u00d3N DE LAS ELECCIONES PRIMARIAS OBLIGATORIAS"},"content":{"rendered":"\n<p>Entre los fundamentos, se aclara que la medida es &#8220;excepcional y transitoria&#8221;. Hay coincidencia con algunos referentes del peronismo.\u00a0<a href=\"https:\/\/api.whatsapp.com\/send?text=El%20gobierno%20va%20por%20la%20suspensi%C3%B3n%20de%20las%20elecciones%20primarias%20obligatorias%20-%20https:\/\/www.diarionorte.com\/326312-el-gobierno-va-por-la-suspension-de-las-elecciones-primarias-obligatorias?utm_source=WhatsApp%26utm_medium=WhatsApp%26utm_campaign=WhatsApp%26utm_term=WhatsApp\" target=\"_blank\" rel=\"noreferrer noopener\"><\/a><a href=\"https:\/\/www.diarionorte.com\/326312-el-gobierno-va-por-la-suspension-de-las-elecciones-primarias-obligatorias#\"><\/a><a href=\"https:\/\/www.diarionorte.com\/326312-el-gobierno-va-por-la-suspension-de-las-elecciones-primarias-obligatorias#\"><\/a><\/p>\n\n\n\n<p>El bloque oficialista Chaco Puede formaliz\u00f3 este lunes en la C\u00e1mara de Diputados provincial la presentaci\u00f3n de un proyecto de ley que propone suspender por un a\u00f1o las elecciones Primarias, Abiertas, Simult\u00e1neas y Obligatorias (PASO), una posibilidad que el gobierno ven\u00eda analizando desde hace un tiempo y que ahora se traduce en una iniciativa concreta.<a href=\"https:\/\/www.diarionorte.com\/326312-el-gobierno-va-por-la-suspension-de-las-elecciones-primarias-obligatorias#\"><\/a><\/p>\n\n\n\n<p>Se trata del expediente 657\/2026, que comenzar\u00e1 a ser analizado en comisiones en los pr\u00f3ximos d\u00edas y luego ser\u00e1 llevado al recinto para su tratamiento. La propuesta plantea dejar sin efecto, de manera excepcional y transitoria, el r\u00e9gimen vigente de primarias sin alterar el desarrollo de las elecciones generales.<\/p>\n\n\n\n<p><strong>ARGUMENTOS<\/strong><\/p>\n\n\n\n<p>Desde el oficialismo sostienen que la medida apunta a reducir el gasto p\u00fablico en un contexto econ\u00f3mico complejo. En ese sentido, el presidente del interbloque, Iv\u00e1n Gyoker, argument\u00f3 que la organizaci\u00f3n de las PASO implica un despliegue log\u00edstico y financiero considerable, por lo que su suspensi\u00f3n permitir\u00eda redireccionar recursos hacia \u00e1reas prioritarias como salud, educaci\u00f3n y seguridad.<\/p>\n\n\n\n<p>El proyecto tambi\u00e9n pone el foco en la baja participaci\u00f3n registrada en los \u00faltimos procesos electorales primarios y plantea que la eliminaci\u00f3n temporal de esta instancia contribuir\u00eda a simplificar el calendario electoral y evitar la reiteraci\u00f3n de convocatorias a las urnas.<\/p>\n\n\n\n<p>En los fundamentos, se recuerda que el sistema fue implementado a nivel nacional mediante la ley 26571 en 2009 y adoptado en el Chaco en 2012. Sin embargo, los impulsores de la iniciativa consideran que el contexto actual amerita revisar su aplicaci\u00f3n, al menos de manera transitoria.<\/p>\n\n\n\n<p>De avanzar la suspensi\u00f3n, la selecci\u00f3n de candidatos quedar\u00eda en manos de los partidos pol\u00edticos, que deber\u00e1n definir sus mecanismos internos para la conformaci\u00f3n de listas.<\/p>\n\n\n\n<p>La presentaci\u00f3n del proyecto confirma as\u00ed una l\u00ednea de acci\u00f3n que el Poder Ejecutivo provincial ven\u00eda evaluando puertas adentro, en sinton\u00eda con otros distritos del pa\u00eds que tambi\u00e9n analizan modificaciones en sus sistemas electorales.<\/p>\n\n\n\n<p><strong>SUMA APOYO<\/strong><\/p>\n\n\n\n<p>La iniciativa oficialista encuentra puntos de coincidencia con la postura del dirigente justicialista Gustavo Mart\u00ednez, l\u00edder de la Corriente de Expresi\u00f3n Renovada (CER), quien el \u00faltimo s\u00e1bado se expres\u00f3 en contra de las primarias durante una entrevista en NORTE Play.<\/p>\n\n\n\n<p>Mart\u00ednez cuestion\u00f3 el impacto del sistema sobre la vida interna de los partidos pol\u00edticos y sostuvo que las PASO &#8220;terminaron debilitando la construcci\u00f3n partidaria&#8221;. En esa l\u00ednea, plante\u00f3 que el actual esquema permite la irrupci\u00f3n de candidaturas sin arraigo territorial ni recorrido pol\u00edtico.<\/p>\n\n\n\n<p>Adem\u00e1s, critic\u00f3 el car\u00e1cter obligatorio de la participaci\u00f3n en las primarias, al considerar que fuerza a los ciudadanos a involucrarse en disputas internas de espacios con los que no necesariamente se identifican.<\/p>\n\n\n\n<p>El dirigente tambi\u00e9n advirti\u00f3 sobre el rol de la militancia en este esquema, al se\u00f1alar que muchas veces queda relegada frente a estrategias de posicionamiento medi\u00e1tico y campa\u00f1as publicitarias.<\/p>\n\n\n\n<p>Aunque desde espacios pol\u00edticos distintos, tanto el oficialismo como el sector que encabeza Mart\u00ednez coinciden en la necesidad de revisar el sistema de primarias, en un debate que ahora se trasladar\u00e1 al \u00e1mbito legislativo .<\/p>\n","protected":false},"excerpt":{"rendered":"<p>Entre los fundamentos, se aclara [&hellip;]<\/p>\n","protected":false},"author":1,"featured_media":6443,"comment_status":"closed","ping_status":"closed","sticky":false,"template":"","format":"standard","meta":{"footnotes":""},"categories":[1],"tags":[],"class_list":["post-6442","post","type-post","status-publish","format-standard","has-post-thumbnail","hentry","category-sin-categoria"],"_links":{"self":[{"href":"https:\/\/infoelnordeste.com\/index.php\/wp-json\/wp\/v2\/posts\/6442","targetHints":{"allow":["GET"]}}],"collection":[{"href":"https:\/\/infoelnordeste.com\/index.php\/wp-json\/wp\/v2\/posts"}],"about":[{"href":"https:\/\/infoelnordeste.com\/index.php\/wp-json\/wp\/v2\/types\/post"}],"author":[{"embeddable":true,"href":"https:\/\/infoelnordeste.com\/index.php\/wp-json\/wp\/v2\/users\/1"}],"replies":[{"embeddable":true,"href":"https:\/\/infoelnordeste.com\/index.php\/wp-json\/wp\/v2\/comments?post=6442"}],"version-history":[{"count":1,"href":"https:\/\/infoelnordeste.com\/index.php\/wp-json\/wp\/v2\/posts\/6442\/revisions"}],"predecessor-version":[{"id":6444,"href":"https:\/\/infoelnordeste.com\/index.php\/wp-json\/wp\/v2\/posts\/6442\/revisions\/6444"}],"wp:featuredmedia":[{"embeddable":true,"href":"https:\/\/infoelnordeste.com\/index.php\/wp-json\/wp\/v2\/media\/6443"}],"wp:attachment":[{"href":"https:\/\/infoelnordeste.com\/index.php\/wp-json\/wp\/v2\/media?parent=6442"}],"wp:term":[{"taxonomy":"category","embeddable":true,"href":"https:\/\/infoelnordeste.com\/index.php\/wp-json\/wp\/v2\/categories?post=6442"},{"taxonomy":"post_tag","embeddable":true,"href":"https:\/\/infoelnordeste.com\/index.php\/wp-json\/wp\/v2\/tags?post=6442"}],"curies":[{"name":"wp","href":"https:\/\/api.w.org\/{rel}","templated":true}]}}