{"id":6438,"date":"2026-04-14T18:16:09","date_gmt":"2026-04-14T18:16:09","guid":{"rendered":"https:\/\/infoelnordeste.com\/?p=6438"},"modified":"2026-04-28T18:18:31","modified_gmt":"2026-04-28T18:18:31","slug":"el-indec-difunde-hoy-la-inflacion-de-marzo","status":"publish","type":"post","link":"https:\/\/infoelnordeste.com\/index.php\/2026\/04\/14\/el-indec-difunde-hoy-la-inflacion-de-marzo\/","title":{"rendered":"EL INDEC DIFUNDE HOY LA INFLACI\u00d3N DE MARZO"},"content":{"rendered":"\n<p>El Instituto Nacional de Estad\u00edstica y Censos (Indec) dar\u00e1 a conocer hoy martes el \u00cdndice de Precios al Consumidor (IPC) correspondiente a marzo, en un contexto en el que el mercado anticipa una suba cercana a 3% mensual, seg\u00fan estimaciones privadas.<a href=\"https:\/\/www.diarionorte.com\/326311-el-indec-difunde-hoy-la-inflacion-de-marzo#\"><\/a><\/p>\n\n\n\n<p>Tras el 2,9% registrado en febrero, consultoras y analistas proyectan que la inflaci\u00f3n del tercer mes del a\u00f1o se ubicar\u00e1 en un rango de entre 2,7% y 3%, impulsada principalmente por el incremento en combustibles y el impacto estacional del inicio del ciclo lectivo. De confirmarse, el dato se acercar\u00eda a los niveles m\u00e1s altos de la actual gesti\u00f3n, con antecedente en marzo del a\u00f1o pasado, cuando el \u00edndice alcanz\u00f3 3,7%.<\/p>\n\n\n\n<p>El Relevamiento de Expectativas de Mercado (REM) del Banco Central tambi\u00e9n ajust\u00f3 al alza sus previsiones y estim\u00f3 una inflaci\u00f3n de 3% para marzo, marcando un cambio respecto de proyecciones anteriores que anticipaban una desaceleraci\u00f3n m\u00e1s pronunciada. Las mediciones privadas muestran una din\u00e1mica heterog\u00e9nea: mientras algunos rubros evidencian una moderaci\u00f3n, otros contin\u00faan presionando sobre el \u00edndice general.<\/p>\n\n\n\n<p>En este escenario, los precios regulados y el componente energ\u00e9tico vuelven a tener un rol central. El aumento de combustibles, en l\u00ednea con la suba internacional del petr\u00f3leo, y los ajustes en tarifas, transporte y educaci\u00f3n aparecen como factores determinantes. A la par, alimentos y bebidas mostraron cierta desaceleraci\u00f3n, lo que contribuy\u00f3 a amortiguar el impacto general, aunque analistas advierten que parte de este comportamiento responde a cambios en los h\u00e1bitos de consumo.<\/p>\n","protected":false},"excerpt":{"rendered":"<p>El Instituto Nacional de Estad\u00edstica [&hellip;]<\/p>\n","protected":false},"author":1,"featured_media":6439,"comment_status":"closed","ping_status":"closed","sticky":false,"template":"","format":"standard","meta":{"footnotes":""},"categories":[1],"tags":[],"class_list":["post-6438","post","type-post","status-publish","format-standard","has-post-thumbnail","hentry","category-sin-categoria"],"_links":{"self":[{"href":"https:\/\/infoelnordeste.com\/index.php\/wp-json\/wp\/v2\/posts\/6438","targetHints":{"allow":["GET"]}}],"collection":[{"href":"https:\/\/infoelnordeste.com\/index.php\/wp-json\/wp\/v2\/posts"}],"about":[{"href":"https:\/\/infoelnordeste.com\/index.php\/wp-json\/wp\/v2\/types\/post"}],"author":[{"embeddable":true,"href":"https:\/\/infoelnordeste.com\/index.php\/wp-json\/wp\/v2\/users\/1"}],"replies":[{"embeddable":true,"href":"https:\/\/infoelnordeste.com\/index.php\/wp-json\/wp\/v2\/comments?post=6438"}],"version-history":[{"count":1,"href":"https:\/\/infoelnordeste.com\/index.php\/wp-json\/wp\/v2\/posts\/6438\/revisions"}],"predecessor-version":[{"id":6440,"href":"https:\/\/infoelnordeste.com\/index.php\/wp-json\/wp\/v2\/posts\/6438\/revisions\/6440"}],"wp:featuredmedia":[{"embeddable":true,"href":"https:\/\/infoelnordeste.com\/index.php\/wp-json\/wp\/v2\/media\/6439"}],"wp:attachment":[{"href":"https:\/\/infoelnordeste.com\/index.php\/wp-json\/wp\/v2\/media?parent=6438"}],"wp:term":[{"taxonomy":"category","embeddable":true,"href":"https:\/\/infoelnordeste.com\/index.php\/wp-json\/wp\/v2\/categories?post=6438"},{"taxonomy":"post_tag","embeddable":true,"href":"https:\/\/infoelnordeste.com\/index.php\/wp-json\/wp\/v2\/tags?post=6438"}],"curies":[{"name":"wp","href":"https:\/\/api.w.org\/{rel}","templated":true}]}}