{"id":6404,"date":"2026-04-11T17:01:11","date_gmt":"2026-04-11T17:01:11","guid":{"rendered":"https:\/\/infoelnordeste.com\/?p=6404"},"modified":"2026-04-13T17:02:17","modified_gmt":"2026-04-13T17:02:17","slug":"uno-de-los-implicados-en-el-homicidio-de-ivarrola-habia-matado-a-otro-jubilado","status":"publish","type":"post","link":"https:\/\/infoelnordeste.com\/index.php\/2026\/04\/11\/uno-de-los-implicados-en-el-homicidio-de-ivarrola-habia-matado-a-otro-jubilado\/","title":{"rendered":"UNO DE LOS IMPLICADOS EN EL HOMICIDIO DE IVARROLA HAB\u00cdA MATADO A OTRO JUBILADO"},"content":{"rendered":"\n<p>Contin\u00faa la conmoci\u00f3n por el grado de violencia de los delincuentes. Las torturas contra\u00a0<strong>Hugo Alejandro Ivarrola<\/strong>\u00a0se extendieron por casi dos horas. Uno de los delincuentes contaba con un hecho similar y estaba libre.<a href=\"https:\/\/api.whatsapp.com\/send?text=Uno%20de%20los%20implicados%20en%20el%20homicidio%20de%20Ivarrola%20hab%C3%ADa%20matado%20a%20otro%20jubilado%20-%20https:\/\/www.diarionorte.com\/326180-uno-de-los-implicados-en-el-homicidio-de-ivarrola-habia-matado-a-otro-jubilado?utm_source=WhatsApp%26utm_medium=WhatsApp%26utm_campaign=WhatsApp%26utm_term=WhatsApp\" target=\"_blank\" rel=\"noreferrer noopener\"><\/a><a href=\"https:\/\/www.diarionorte.com\/326180-uno-de-los-implicados-en-el-homicidio-de-ivarrola-habia-matado-a-otro-jubilado#\"><\/a><a href=\"https:\/\/www.diarionorte.com\/326180-uno-de-los-implicados-en-el-homicidio-de-ivarrola-habia-matado-a-otro-jubilado#\"><\/a><\/p>\n\n\n\n<p>S\u00c1ENZ PE\u00d1A (Agencia). R\u00e1pido avance de la Justicia por el asesinato del jubilado Hugo Alejandro Ivarrola, quien fue amordazado y atado de pies, mientras sus asesinos le infligieron una tortura que habr\u00eda durado al menos dos horas, seg\u00fan se supo de lo que surgi\u00f3 en los peritajes forenses.<a href=\"https:\/\/www.diarionorte.com\/326180-uno-de-los-implicados-en-el-homicidio-de-ivarrola-habia-matado-a-otro-jubilado#\"><\/a><a href=\"https:\/\/www.diarionorte.com\/326180-uno-de-los-implicados-en-el-homicidio-de-ivarrola-habia-matado-a-otro-jubilado#\"><\/a><\/p>\n\n\n\n<p>Tras el descubrimiento del asesinato del jubilado, personal policial de los departamentos del 911 y Divisi\u00f3n de Investigaciones, trabajaron de manera conjunta para identificar y detener a los supuestos responsable del crimen<\/p>\n\n\n\n<p>Quienes resultaron ser vecinos que residen a unos pocos metros donde se dieron los hechos, y en la tarde del \u00faltimo jueves se logr\u00f3 la aprehensi\u00f3n de Agust\u00edn Rodrigo Gonz\u00e1lez, de 21 a\u00f1os; H\u00e9ctor Edgardo Soto, de 39 a\u00f1os, y su hermano Agust\u00edn Mauricio Soto, de 29 a\u00f1os, son los sindicados asesinos del jubilado, encontrado muerto en una vivienda del barrio Lamadrid.<\/p>\n\n\n\n<p><strong>La &#8220;puerta giratoria&#8221; de la Justicia<\/strong><\/p>\n\n\n\n<p>Uno de los datos m\u00e1s escalofriantes que surgi\u00f3 en la investigaci\u00f3n llevada adelante por el fiscal Cesar Collado, luego de conocerse el tremendo crimen del jubilado es que uno de los detenidos, H\u00e9ctor Edgardo Soto, hace algunos a\u00f1os, ya fue condenado por asesinar a un jubilado en una vivienda del barrio Milenio de esta ciudad.<a href=\"https:\/\/www.diarionorte.com\/326180-uno-de-los-implicados-en-el-homicidio-de-ivarrola-habia-matado-a-otro-jubilado#\"><\/a><a href=\"https:\/\/www.diarionorte.com\/326180-uno-de-los-implicados-en-el-homicidio-de-ivarrola-habia-matado-a-otro-jubilado#\"><\/a><\/p>\n\n\n\n<p>Esta noticia de la banda que asesino al jubilado Hugo Ivarrola, quien viv\u00eda solo en su vivienda del mencionado barrio desde la muerte de su esposa, se supo que uno de los detenidos ya ten\u00eda antecedentes por cometer un hecho de similares caracter\u00edsticas, perpetrado no hace muchos a\u00f1os, sin embargo del homicida se encontraba en libertad.<\/p>\n","protected":false},"excerpt":{"rendered":"<p>Contin\u00faa la conmoci\u00f3n por el [&hellip;]<\/p>\n","protected":false},"author":1,"featured_media":6405,"comment_status":"closed","ping_status":"closed","sticky":false,"template":"","format":"standard","meta":{"footnotes":""},"categories":[1],"tags":[],"class_list":["post-6404","post","type-post","status-publish","format-standard","has-post-thumbnail","hentry","category-sin-categoria"],"_links":{"self":[{"href":"https:\/\/infoelnordeste.com\/index.php\/wp-json\/wp\/v2\/posts\/6404","targetHints":{"allow":["GET"]}}],"collection":[{"href":"https:\/\/infoelnordeste.com\/index.php\/wp-json\/wp\/v2\/posts"}],"about":[{"href":"https:\/\/infoelnordeste.com\/index.php\/wp-json\/wp\/v2\/types\/post"}],"author":[{"embeddable":true,"href":"https:\/\/infoelnordeste.com\/index.php\/wp-json\/wp\/v2\/users\/1"}],"replies":[{"embeddable":true,"href":"https:\/\/infoelnordeste.com\/index.php\/wp-json\/wp\/v2\/comments?post=6404"}],"version-history":[{"count":1,"href":"https:\/\/infoelnordeste.com\/index.php\/wp-json\/wp\/v2\/posts\/6404\/revisions"}],"predecessor-version":[{"id":6406,"href":"https:\/\/infoelnordeste.com\/index.php\/wp-json\/wp\/v2\/posts\/6404\/revisions\/6406"}],"wp:featuredmedia":[{"embeddable":true,"href":"https:\/\/infoelnordeste.com\/index.php\/wp-json\/wp\/v2\/media\/6405"}],"wp:attachment":[{"href":"https:\/\/infoelnordeste.com\/index.php\/wp-json\/wp\/v2\/media?parent=6404"}],"wp:term":[{"taxonomy":"category","embeddable":true,"href":"https:\/\/infoelnordeste.com\/index.php\/wp-json\/wp\/v2\/categories?post=6404"},{"taxonomy":"post_tag","embeddable":true,"href":"https:\/\/infoelnordeste.com\/index.php\/wp-json\/wp\/v2\/tags?post=6404"}],"curies":[{"name":"wp","href":"https:\/\/api.w.org\/{rel}","templated":true}]}}