{"id":6391,"date":"2026-04-10T16:51:37","date_gmt":"2026-04-10T16:51:37","guid":{"rendered":"https:\/\/infoelnordeste.com\/?p=6391"},"modified":"2026-04-13T16:52:40","modified_gmt":"2026-04-13T16:52:40","slug":"investigan-en-chubut-un-posible-nuevo-caso-lucio","status":"publish","type":"post","link":"https:\/\/infoelnordeste.com\/index.php\/2026\/04\/10\/investigan-en-chubut-un-posible-nuevo-caso-lucio\/","title":{"rendered":"INVESTIGAN EN CHUBUT UN POSIBLE NUEVO CASO LUCIO"},"content":{"rendered":"\n<p>El peque\u00f1o muri\u00f3 en el hospital tras descompensarse en la casa de su progenitora. La familia paterna no tiene dudas.<a href=\"https:\/\/api.whatsapp.com\/send?text=Investigan%20en%20Chubut%20un%20posible%20nuevo%20caso%20Lucio%20-%20https:\/\/www.diarionorte.com\/326125-investigan-en-chubut-un-posible-nuevo-caso-lucio?utm_source=WhatsApp%26utm_medium=WhatsApp%26utm_campaign=WhatsApp%26utm_term=WhatsApp\" target=\"_blank\" rel=\"noreferrer noopener\"><\/a><a href=\"https:\/\/www.diarionorte.com\/326125-investigan-en-chubut-un-posible-nuevo-caso-lucio#\"><\/a><a href=\"https:\/\/www.diarionorte.com\/326125-investigan-en-chubut-un-posible-nuevo-caso-lucio#\"><\/a><\/p>\n\n\n\n<p>La investigaci\u00f3n de la muerte de \u00c1ngel, el nene de 4 a\u00f1os que perdi\u00f3 la vida el lunes pasado en un hospital de la ciudad de Comodoro Rivadavia, present\u00f3 un dr\u00e1stico giro al conocerse las denuncias del padre del peque\u00f1o, que se\u00f1al\u00f3 a la madre como presunta responsable, mientras se esperan los resultados definitivos de la autopsia.<a href=\"https:\/\/www.diarionorte.com\/326125-investigan-en-chubut-un-posible-nuevo-caso-lucio#\"><\/a><\/p>\n\n\n\n<p>Lorena Andrade, la pareja del padre de \u00c1ngel, apunt\u00f3 directamente contra la mam\u00e1 y la acus\u00f3 de ser la causante de la muerte. &#8220;Esa se\u00f1ora asesina, agarr\u00f3, lo dej\u00f3 en coma al nene, lo dej\u00f3 tirado en el hospital y se fue a dormir a su casa&#8221;, asegur\u00f3.<\/p>\n\n\n\n<p>Todo comenz\u00f3 el domingo pasado en una vivienda de la zona de quintas, cuando la mam\u00e1 del ni\u00f1o pidi\u00f3 ayuda porque su hijo ten\u00eda problemas para respirar. Seg\u00fan cont\u00f3 la mujer, hab\u00eda empezado a sentirse mal en su habitaci\u00f3n, cerca de las 7 de la ma\u00f1ana. Personal m\u00e9dico y polic\u00edas llegaron al lugar, encontraron al nene sin signos vitales y comenzaron maniobras de reanimaci\u00f3n. Minutos despu\u00e9s lo trasladaron de urgencia al Hospital Regional, donde ingres\u00f3 cerca de las 8.35. Los m\u00e9dicos intentaron estabilizarlo, pero el cuadro era grave y el menor falleci\u00f3 en la noche del lunes.<a href=\"https:\/\/www.diarionorte.com\/326125-investigan-en-chubut-un-posible-nuevo-caso-lucio#\"><\/a><\/p>\n\n\n\n<p>Lorena dio cuenta de c\u00f3mo el ni\u00f1o fue alejado de su ambiente familiar, de su padre en espec\u00edfico, y sufri\u00f3 un deterioro f\u00edsico y emocional. Cont\u00f3 c\u00f3mo el chico no quer\u00eda compartir tiempo con su madre biol\u00f3gica, ya que apenas naci\u00f3, la mujer se mud\u00f3 a la provincia de C\u00f3rdoba. Sin embargo, tiempo despu\u00e9s, la Justicia orden\u00f3 la revinculaci\u00f3n del peque\u00f1o con su madre, luego de que esta denunciara al pap\u00e1 por violencia de g\u00e9nero.<\/p>\n\n\n\n<p>La mujer remarc\u00f3 que hubo mala praxis judicial y negligencia por parte de funcionarios de Chubut, quienes permitieron que \u00c1ngel fuera entregado a personas que no lo conoc\u00edan ni ten\u00edan un v\u00ednculo estable con \u00e9l. &#8220;A \u00c1ngel lo sacaron de un lugar donde estaba bien para llevarlo a un lugar de tortura. A \u00c1ngel lo mataron. No quer\u00edamos entregar al nene, y la defensora que estaba de turno orden\u00f3 que se lo demos&#8221;, cuestion\u00f3.<\/p>\n\n\n\n<p>El padre, en tanto, no duda: &#8220;A \u00c1ngel lo mataron&#8221;, expres\u00f3.<\/p>\n\n\n\n<p>&#8220;Mi hijo no era un chico enfermo, ten\u00eda buena salud, estaba sano. \u00bfQu\u00e9 me van a decir?&#8221;, cont\u00f3 el pap\u00e1, que sostiene fuertes sospechas sobre la madre.<\/p>\n\n\n\n<p>Sobre los reclamos de tenencia del hijo, el padre asegur\u00f3 maltratos cuando mostr\u00f3 videos del nene pidiendo vivir con \u00e9l. &#8220;Que vengan y me digan enfrente m\u00edo c\u00f3mo me dijeron cuando les mostr\u00e9 el video. &#8220;Eso no me importa&#8221;, me dijo, y me tir\u00f3 como un CV a una basura. Me faltaron el respeto&#8221;, asegur\u00f3.<\/p>\n\n\n\n<p>&#8220;Siempre mi hijo pidi\u00f3 por m\u00ed y nunca hicieron nada. Todos me trataban de machista, si hubiese sido al rev\u00e9s, yo ya estaba preso&#8221;, agreg\u00f3.<\/p>\n","protected":false},"excerpt":{"rendered":"<p>El peque\u00f1o muri\u00f3 en el [&hellip;]<\/p>\n","protected":false},"author":1,"featured_media":6392,"comment_status":"closed","ping_status":"closed","sticky":false,"template":"","format":"standard","meta":{"footnotes":""},"categories":[1],"tags":[],"class_list":["post-6391","post","type-post","status-publish","format-standard","has-post-thumbnail","hentry","category-sin-categoria"],"_links":{"self":[{"href":"https:\/\/infoelnordeste.com\/index.php\/wp-json\/wp\/v2\/posts\/6391","targetHints":{"allow":["GET"]}}],"collection":[{"href":"https:\/\/infoelnordeste.com\/index.php\/wp-json\/wp\/v2\/posts"}],"about":[{"href":"https:\/\/infoelnordeste.com\/index.php\/wp-json\/wp\/v2\/types\/post"}],"author":[{"embeddable":true,"href":"https:\/\/infoelnordeste.com\/index.php\/wp-json\/wp\/v2\/users\/1"}],"replies":[{"embeddable":true,"href":"https:\/\/infoelnordeste.com\/index.php\/wp-json\/wp\/v2\/comments?post=6391"}],"version-history":[{"count":1,"href":"https:\/\/infoelnordeste.com\/index.php\/wp-json\/wp\/v2\/posts\/6391\/revisions"}],"predecessor-version":[{"id":6393,"href":"https:\/\/infoelnordeste.com\/index.php\/wp-json\/wp\/v2\/posts\/6391\/revisions\/6393"}],"wp:featuredmedia":[{"embeddable":true,"href":"https:\/\/infoelnordeste.com\/index.php\/wp-json\/wp\/v2\/media\/6392"}],"wp:attachment":[{"href":"https:\/\/infoelnordeste.com\/index.php\/wp-json\/wp\/v2\/media?parent=6391"}],"wp:term":[{"taxonomy":"category","embeddable":true,"href":"https:\/\/infoelnordeste.com\/index.php\/wp-json\/wp\/v2\/categories?post=6391"},{"taxonomy":"post_tag","embeddable":true,"href":"https:\/\/infoelnordeste.com\/index.php\/wp-json\/wp\/v2\/tags?post=6391"}],"curies":[{"name":"wp","href":"https:\/\/api.w.org\/{rel}","templated":true}]}}