{"id":6385,"date":"2026-04-10T16:49:39","date_gmt":"2026-04-10T16:49:39","guid":{"rendered":"https:\/\/infoelnordeste.com\/?p=6385"},"modified":"2026-04-13T16:52:49","modified_gmt":"2026-04-13T16:52:49","slug":"las-provincias-deben-asumir-el-rol-que-les-da-la-constitucion-sobre-sus-recursos","status":"publish","type":"post","link":"https:\/\/infoelnordeste.com\/index.php\/2026\/04\/10\/las-provincias-deben-asumir-el-rol-que-les-da-la-constitucion-sobre-sus-recursos\/","title":{"rendered":"&#8220;LAS PROVINCIAS DEBEN ASUMIR EL ROL QUE LES DA LA CONSTITUCI\u00d3N SOBRE SUS RECURSOS&#8221;"},"content":{"rendered":"\n<p>La ley de Glaciares se aprob\u00f3 con 137 votos a favor, 111 en contra y 3 abstenciones. Los diputados nacionales chaque\u00f1os aportaron 4 votos afirmativos y 3 negativos.<a href=\"https:\/\/api.whatsapp.com\/send?text=%22Las%20provincias%20deben%20asumir%20el%20rol%20que%20les%20da%20la%20Constituci%C3%B3n%20sobre%20sus%20recursos%22%20-%20https:\/\/www.diarionorte.com\/326121-las-provincias-deben-asumir-el-rol-que-les-da-la-constitucion-sobre-sus-recursos?utm_source=WhatsApp%26utm_medium=WhatsApp%26utm_campaign=WhatsApp%26utm_term=WhatsApp\" target=\"_blank\" rel=\"noreferrer noopener\"><\/a><a href=\"https:\/\/www.diarionorte.com\/326121-las-provincias-deben-asumir-el-rol-que-les-da-la-constitucion-sobre-sus-recursos#\"><\/a><a href=\"https:\/\/www.diarionorte.com\/326121-las-provincias-deben-asumir-el-rol-que-les-da-la-constitucion-sobre-sus-recursos#\"><\/a><\/p>\n\n\n\n<p>Cerca de las 2.30 de la madrugada de ayer, la C\u00e1mara de Diputados de la Naci\u00f3n sancion\u00f3 la reforma de la Ley de Glaciares con 137 votos a favor, 111 en contra y 3 abstenciones, en una sesi\u00f3n atravesada por tensiones pol\u00edticas, protestas fuera del Congreso y un debate de fondo que promete nuevos cap\u00edtulos: qui\u00e9n decide sobre los recursos naturales en la Argentina.<a href=\"https:\/\/www.diarionorte.com\/326121-las-provincias-deben-asumir-el-rol-que-les-da-la-constitucion-sobre-sus-recursos#\"><\/a><\/p>\n\n\n\n<p>El debate no estuvo aislado del clima social. En Mendoza y las inmediaciones del Congreso hubo intervenci\u00f3n policial ante manifestaciones de vecinos y ambientalistas.<\/p>\n\n\n\n<p><strong>DESAROLLO Y AMBIENTE<\/strong><\/p>\n\n\n\n<p>Desde el Chaco, el radical Guillermo Ag\u00fcero sintetiz\u00f3 la posici\u00f3n que termin\u00f3 inclinando la balanza. &#8220;Se trata de reconocer las atribuciones que constitucionalmente les corresponden a las provincias&#8221;, sostuvo en di\u00e1logo con NORTE, al respaldar una modificaci\u00f3n que, seg\u00fan explic\u00f3, corrige vac\u00edos interpretativos de la norma vigente.<\/p>\n\n\n\n<p>El legislador apunt\u00f3 al art\u00edculo 124 de la Constituci\u00f3n, que otorga a las provincias el dominio originario de los recursos naturales. &#8220;La ley anterior no lo contemplaba adecuadamente y generaba conflictos. Hab\u00eda imprecisiones sobre qu\u00e9 actividades estaban prohibidas y en qu\u00e9 zonas&#8221;, indic\u00f3.<\/p>\n\n\n\n<p>Para Ag\u00fcero, el eje del debate estuvo mal planteado. &#8220;Se instal\u00f3 una falsa dicotom\u00eda entre ambiente y producci\u00f3n. La propia Constituci\u00f3n, en su art\u00edculo 41, establece que el desarrollo debe ser sustentable&#8221;, afirm\u00f3. En esa l\u00ednea, defendi\u00f3 la reforma como un intento de &#8220;armonizar&#8221; ambas dimensiones: preservar los glaciares como reservas estrat\u00e9gicas de agua, pero permitir el desarrollo en zonas donde no cumplan esa funci\u00f3n.<\/p>\n\n\n\n<p><strong>CAMBIOS<\/strong><\/p>\n\n\n\n<p>La modificaci\u00f3n establece que las provincias cordilleranas definir\u00e1n, mediante estudios t\u00e9cnicos, qu\u00e9 \u00e1reas periglaciares deben ser protegidas y cu\u00e1les podr\u00e1n destinarse a actividades productivas. Hasta tanto, se mantiene la protecci\u00f3n vigente. Esto abre la puerta a revisar el inventario del Ianigla, que identific\u00f3 cerca de 17.000 cuerpos de hielo.<\/p>\n\n\n\n<p>Adem\u00e1s, la Naci\u00f3n y provincias esperan destrabar inversiones mineras por unos 20.000 millones de d\u00f3lares. En el recinto, el oficialismo logr\u00f3 el respaldo del PRO, la UCR y bloques provinciales para superar el piso de 129 votos, mientras que el rechazo provino de Uni\u00f3n por la Patria, la izquierda y otros sectores.<\/p>\n\n\n\n<p><strong>POSTURAS DIVERSAS<\/strong><\/p>\n\n\n\n<p>Antes de la sesi\u00f3n, los chaque\u00f1os ya hab\u00edan fijado posici\u00f3n. Rosario Goitia defendi\u00f3 la iniciativa al se\u00f1alar que no implica retrocesos ambientales y refuerza el rol provincial. En cambio, Aldo Leiva advirti\u00f3 que supone &#8220;una entrega&#8221; de recursos naturales. Julieta Campo alert\u00f3 sobre los riesgos ambientales y Sergio Dolce cuestion\u00f3 el avance de intereses econ\u00f3micos sobre el agua.<\/p>\n\n\n\n<p>Con posiciones claras, la C\u00e1mara baja avanz\u00f3 con una reforma que reabri\u00f3 la discusi\u00f3n entre desarrollo, ambiente y federalismo.<\/p>\n","protected":false},"excerpt":{"rendered":"<p>La ley de Glaciares se [&hellip;]<\/p>\n","protected":false},"author":1,"featured_media":6386,"comment_status":"closed","ping_status":"closed","sticky":false,"template":"","format":"standard","meta":{"footnotes":""},"categories":[1],"tags":[],"class_list":["post-6385","post","type-post","status-publish","format-standard","has-post-thumbnail","hentry","category-sin-categoria"],"_links":{"self":[{"href":"https:\/\/infoelnordeste.com\/index.php\/wp-json\/wp\/v2\/posts\/6385","targetHints":{"allow":["GET"]}}],"collection":[{"href":"https:\/\/infoelnordeste.com\/index.php\/wp-json\/wp\/v2\/posts"}],"about":[{"href":"https:\/\/infoelnordeste.com\/index.php\/wp-json\/wp\/v2\/types\/post"}],"author":[{"embeddable":true,"href":"https:\/\/infoelnordeste.com\/index.php\/wp-json\/wp\/v2\/users\/1"}],"replies":[{"embeddable":true,"href":"https:\/\/infoelnordeste.com\/index.php\/wp-json\/wp\/v2\/comments?post=6385"}],"version-history":[{"count":1,"href":"https:\/\/infoelnordeste.com\/index.php\/wp-json\/wp\/v2\/posts\/6385\/revisions"}],"predecessor-version":[{"id":6387,"href":"https:\/\/infoelnordeste.com\/index.php\/wp-json\/wp\/v2\/posts\/6385\/revisions\/6387"}],"wp:featuredmedia":[{"embeddable":true,"href":"https:\/\/infoelnordeste.com\/index.php\/wp-json\/wp\/v2\/media\/6386"}],"wp:attachment":[{"href":"https:\/\/infoelnordeste.com\/index.php\/wp-json\/wp\/v2\/media?parent=6385"}],"wp:term":[{"taxonomy":"category","embeddable":true,"href":"https:\/\/infoelnordeste.com\/index.php\/wp-json\/wp\/v2\/categories?post=6385"},{"taxonomy":"post_tag","embeddable":true,"href":"https:\/\/infoelnordeste.com\/index.php\/wp-json\/wp\/v2\/tags?post=6385"}],"curies":[{"name":"wp","href":"https:\/\/api.w.org\/{rel}","templated":true}]}}