{"id":6036,"date":"2026-03-13T17:41:57","date_gmt":"2026-03-13T17:41:57","guid":{"rendered":"https:\/\/infoelnordeste.com\/?p=6036"},"modified":"2026-03-13T17:41:58","modified_gmt":"2026-03-13T17:41:58","slug":"se-espera-para-esta-tarde-un-posible-veredicto-del-jurado-popular-por-el-crimen-de-fernando-francovich","status":"publish","type":"post","link":"https:\/\/infoelnordeste.com\/index.php\/2026\/03\/13\/se-espera-para-esta-tarde-un-posible-veredicto-del-jurado-popular-por-el-crimen-de-fernando-francovich\/","title":{"rendered":"SE ESPERA PARA ESTA TARDE UN POSIBLE VEREDICTO DEL JURADO POPULAR POR EL CRIMEN DE FERNANDO FRANCOVICH"},"content":{"rendered":"\n<p>S\u00c1ENZ PE\u00d1A (Agencia). El jurado popular comenz\u00f3 a deliberar pasado el mediod\u00eda en el juicio por el asesinato del camionero Fernando Francovich, luego de m\u00e1s de cuatro horas de alegatos de clausura presentados por las partes.<a href=\"https:\/\/api.whatsapp.com\/send?text=Se%20espera%20para%20esta%20tarde%20un%20posible%20veredicto%20del%20jurado%20popular%20por%20el%20crimen%20de%20Fernando%20Francovich%20-%20https:\/\/www.diarionorte.com\/324822-se-espera-para-esta-tarde-un-posible-veredicto-del-jurado-popular-por-el-crimen-de-fernando-francovich?utm_source=WhatsApp%26utm_medium=WhatsApp%26utm_campaign=WhatsApp%26utm_term=WhatsApp\" target=\"_blank\" rel=\"noreferrer noopener\"><\/a><a href=\"https:\/\/www.diarionorte.com\/324822-se-espera-para-esta-tarde-un-posible-veredicto-del-jurado-popular-por-el-crimen-de-fernando-francovich#\"><\/a><a href=\"https:\/\/www.diarionorte.com\/324822-se-espera-para-esta-tarde-un-posible-veredicto-del-jurado-popular-por-el-crimen-de-fernando-francovich#\"><\/a><\/p>\n\n\n\n<p>De acuerdo con lo previsto en el proceso que se desarrolla en Presidencia Roque S\u00e1enz Pe\u00f1a, se espera que durante las primeras horas de la tarde \u2014alrededor de las 16\u2014 el jurado pueda dar a conocer un veredicto. No obstante, tambi\u00e9n existe la posibilidad de que solicite m\u00e1s tiempo para continuar con las deliberaciones, ya que la decisi\u00f3n debe adoptarse por unanimidad.<a href=\"https:\/\/www.diarionorte.com\/324822-se-espera-para-esta-tarde-un-posible-veredicto-del-jurado-popular-por-el-crimen-de-fernando-francovich#\"><\/a><\/p>\n\n\n\n<p>Por el crimen ocurrido el 21 de marzo de 2023 se encuentran imputados Celestino C\u00e1rdenas, se\u00f1alado como principal acusado, junto a Alberto Banegas, Alfredo C\u00e1rdenas y Mario Jim\u00e9nez, quienes est\u00e1n acusados como part\u00edcipes primarios del hecho.<\/p>\n\n\n\n<p>La causa fue caratulada como homicidio doblemente agravado por el uso de arma de fuego y por haber sido cometido en banda.<\/p>\n\n\n\n<p>Mientras se desarrolla la deliberaci\u00f3n, en las puertas del Juzgado de Faltas provincial se concentran familiares y allegados del camionero, quienes llegaron desde la provincia de Santa Fe, lugar de origen de Francovich, para acompa\u00f1ar la instancia final del juicio y esperar el veredicto del jurado.<\/p>\n","protected":false},"excerpt":{"rendered":"<p>S\u00c1ENZ PE\u00d1A (Agencia). El jurado [&hellip;]<\/p>\n","protected":false},"author":1,"featured_media":6037,"comment_status":"closed","ping_status":"closed","sticky":false,"template":"","format":"standard","meta":{"footnotes":""},"categories":[1],"tags":[],"class_list":["post-6036","post","type-post","status-publish","format-standard","has-post-thumbnail","hentry","category-sin-categoria"],"_links":{"self":[{"href":"https:\/\/infoelnordeste.com\/index.php\/wp-json\/wp\/v2\/posts\/6036","targetHints":{"allow":["GET"]}}],"collection":[{"href":"https:\/\/infoelnordeste.com\/index.php\/wp-json\/wp\/v2\/posts"}],"about":[{"href":"https:\/\/infoelnordeste.com\/index.php\/wp-json\/wp\/v2\/types\/post"}],"author":[{"embeddable":true,"href":"https:\/\/infoelnordeste.com\/index.php\/wp-json\/wp\/v2\/users\/1"}],"replies":[{"embeddable":true,"href":"https:\/\/infoelnordeste.com\/index.php\/wp-json\/wp\/v2\/comments?post=6036"}],"version-history":[{"count":1,"href":"https:\/\/infoelnordeste.com\/index.php\/wp-json\/wp\/v2\/posts\/6036\/revisions"}],"predecessor-version":[{"id":6038,"href":"https:\/\/infoelnordeste.com\/index.php\/wp-json\/wp\/v2\/posts\/6036\/revisions\/6038"}],"wp:featuredmedia":[{"embeddable":true,"href":"https:\/\/infoelnordeste.com\/index.php\/wp-json\/wp\/v2\/media\/6037"}],"wp:attachment":[{"href":"https:\/\/infoelnordeste.com\/index.php\/wp-json\/wp\/v2\/media?parent=6036"}],"wp:term":[{"taxonomy":"category","embeddable":true,"href":"https:\/\/infoelnordeste.com\/index.php\/wp-json\/wp\/v2\/categories?post=6036"},{"taxonomy":"post_tag","embeddable":true,"href":"https:\/\/infoelnordeste.com\/index.php\/wp-json\/wp\/v2\/tags?post=6036"}],"curies":[{"name":"wp","href":"https:\/\/api.w.org\/{rel}","templated":true}]}}