{"id":6032,"date":"2026-03-13T17:41:02","date_gmt":"2026-03-13T17:41:02","guid":{"rendered":"https:\/\/infoelnordeste.com\/?p=6032"},"modified":"2026-03-13T17:41:02","modified_gmt":"2026-03-13T17:41:02","slug":"estela-orellana-aclaro-dudas-en-el-caso-elvis-que-se-me-haya-citado-no-me-involucra-directamente-en-la-causa","status":"publish","type":"post","link":"https:\/\/infoelnordeste.com\/index.php\/2026\/03\/13\/estela-orellana-aclaro-dudas-en-el-caso-elvis-que-se-me-haya-citado-no-me-involucra-directamente-en-la-causa\/","title":{"rendered":"ESTELA ORELLANA ACLAR\u00d3 DUDAS EN EL CASO ELVIS: &#8220;QUE SE ME HAYA CITADO, NO ME INVOLUCRA DIRECTAMENTE EN LA CAUSA&#8221;"},"content":{"rendered":"\n<p>La titular de la delegaci\u00f3n local de ANSES en Resistencia explic\u00f3 c\u00f3mo funcionan los tr\u00e1mites de asignaciones por hijo, qui\u00e9nes deben presentarse y descart\u00f3 que el organismo pueda abrir cuentas bancarias, mucho menos en d\u00f3lares.<a href=\"https:\/\/api.whatsapp.com\/send?text=Estela%20Orellana%20aclar%C3%B3%20dudas%20en%20el%20caso%20Elvis:%20%22Que%20se%20me%20haya%20citado,%20no%20me%20involucra%20directamente%20en%20la%20causa%22%20-%20https:\/\/www.diarionorte.com\/324820-estela-orellana-aclaro-dudas-en-el-caso-elvis-que-se-me-haya-citado-no-me-involucra-directamente-en-la-causa?utm_source=WhatsApp%26utm_medium=WhatsApp%26utm_campaign=WhatsApp%26utm_term=WhatsApp\" target=\"_blank\" rel=\"noreferrer noopener\"><\/a><a href=\"https:\/\/www.diarionorte.com\/324820-estela-orellana-aclaro-dudas-en-el-caso-elvis-que-se-me-haya-citado-no-me-involucra-directamente-en-la-causa#\"><\/a><a href=\"https:\/\/www.diarionorte.com\/324820-estela-orellana-aclaro-dudas-en-el-caso-elvis-que-se-me-haya-citado-no-me-involucra-directamente-en-la-causa#\"><\/a><\/p>\n\n\n\n<p>En el marco de la investigaci\u00f3n por la causa Elvis Ben\u00edtez, la titular de la delegaci\u00f3n local de ANSES en Resistencia, Estela Orellana, brind\u00f3 este jueves un testimonio clave ante la fiscal\u00eda<\/p>\n\n\n\n<p>Durante la declaraci\u00f3n, la funcionaria aclar\u00f3 que el organismo no tiene facultades para abrir cuentas bancarias, y mucho menos cuentas en d\u00f3lares. Adem\u00e1s, explic\u00f3 que, para iniciar el tr\u00e1mite de una asignaci\u00f3n por hijo, la madre o el padre del menor debe presentarse de manera presencial con documentaci\u00f3n original, como el acta de nacimiento y el DNI, que luego son escaneados para el legajo digital.<\/p>\n\n\n\n<p>&#8220;Cuando un beneficio no se cobra, el dinero vuelve al organismo. Fue un solo dep\u00f3sito lo que se realiz\u00f3&#8221;, se\u00f1al\u00f3 Orellana, refiri\u00e9ndose a los movimientos registrados en 2019 a nombre de Elvis Ben\u00edtez.<a href=\"https:\/\/www.diarionorte.com\/324820-estela-orellana-aclaro-dudas-en-el-caso-elvis-que-se-me-haya-citado-no-me-involucra-directamente-en-la-causa#\"><\/a><a href=\"https:\/\/www.diarionorte.com\/324820-estela-orellana-aclaro-dudas-en-el-caso-elvis-que-se-me-haya-citado-no-me-involucra-directamente-en-la-causa#\"><\/a><\/p>\n\n\n\n<p>La funcionaria tambi\u00e9n detall\u00f3 que el sistema de ANSES detecta autom\u00e1ticamente la informaci\u00f3n de los progenitores y que, cuando ambos est\u00e1n vivos y no hay relaci\u00f3n de dependencia, generalmente el pago se realiza al padre.<\/p>\n\n\n\n<p>En relaci\u00f3n a los informes enviados por el Banco Patagonia, que indicaban que la cuenta habr\u00eda sido abierta a pedido de ANSES, Orellana aclar\u00f3 que la informaci\u00f3n t\u00e9cnica del organismo solo puede ser suministrada por v\u00eda legal, y que no existe registro de personas desaparecidas dentro del sistema que afecte la percepci\u00f3n de beneficios.<\/p>\n\n\n\n<p>La declaraci\u00f3n de Orellana contribuye a despejar dudas sobre los plazos y procedimientos en torno a la apertura de cuentas y el cobro de asignaciones, en un caso donde la Justicia investiga posibles inconsistencias en los movimientos bancarios desde el nacimiento del hijo de Ben\u00edtez hasta la acreditaci\u00f3n de los beneficios.<\/p>\n","protected":false},"excerpt":{"rendered":"<p>La titular de la delegaci\u00f3n [&hellip;]<\/p>\n","protected":false},"author":1,"featured_media":6034,"comment_status":"closed","ping_status":"closed","sticky":false,"template":"","format":"standard","meta":{"footnotes":""},"categories":[1],"tags":[],"class_list":["post-6032","post","type-post","status-publish","format-standard","has-post-thumbnail","hentry","category-sin-categoria"],"_links":{"self":[{"href":"https:\/\/infoelnordeste.com\/index.php\/wp-json\/wp\/v2\/posts\/6032","targetHints":{"allow":["GET"]}}],"collection":[{"href":"https:\/\/infoelnordeste.com\/index.php\/wp-json\/wp\/v2\/posts"}],"about":[{"href":"https:\/\/infoelnordeste.com\/index.php\/wp-json\/wp\/v2\/types\/post"}],"author":[{"embeddable":true,"href":"https:\/\/infoelnordeste.com\/index.php\/wp-json\/wp\/v2\/users\/1"}],"replies":[{"embeddable":true,"href":"https:\/\/infoelnordeste.com\/index.php\/wp-json\/wp\/v2\/comments?post=6032"}],"version-history":[{"count":1,"href":"https:\/\/infoelnordeste.com\/index.php\/wp-json\/wp\/v2\/posts\/6032\/revisions"}],"predecessor-version":[{"id":6035,"href":"https:\/\/infoelnordeste.com\/index.php\/wp-json\/wp\/v2\/posts\/6032\/revisions\/6035"}],"wp:featuredmedia":[{"embeddable":true,"href":"https:\/\/infoelnordeste.com\/index.php\/wp-json\/wp\/v2\/media\/6034"}],"wp:attachment":[{"href":"https:\/\/infoelnordeste.com\/index.php\/wp-json\/wp\/v2\/media?parent=6032"}],"wp:term":[{"taxonomy":"category","embeddable":true,"href":"https:\/\/infoelnordeste.com\/index.php\/wp-json\/wp\/v2\/categories?post=6032"},{"taxonomy":"post_tag","embeddable":true,"href":"https:\/\/infoelnordeste.com\/index.php\/wp-json\/wp\/v2\/tags?post=6032"}],"curies":[{"name":"wp","href":"https:\/\/api.w.org\/{rel}","templated":true}]}}