{"id":6029,"date":"2026-03-13T17:40:07","date_gmt":"2026-03-13T17:40:07","guid":{"rendered":"https:\/\/infoelnordeste.com\/?p=6029"},"modified":"2026-03-13T17:40:07","modified_gmt":"2026-03-13T17:40:07","slug":"sameep-confirmo-un-aumento-del-130-acumulado-durante-2026","status":"publish","type":"post","link":"https:\/\/infoelnordeste.com\/index.php\/2026\/03\/13\/sameep-confirmo-un-aumento-del-130-acumulado-durante-2026\/","title":{"rendered":"SAMEEP CONFIRM\u00d3 UN AUMENTO DEL 130% ACUMULADO DURANTE 2026"},"content":{"rendered":"\n<p>El presidente de la empresa estatal de agua, Nicol\u00e1s Diez, aclar\u00f3 que la tarifa b\u00e1sica, calculada en 15 metros c\u00fabicos, pasar\u00e1 de 5700 pesos a 13000 pesos, aproximadamente.<a href=\"https:\/\/www.diarionorte.com\/324818-sameep-confirmo-un-aumento-del-130-acumulado-durante-2026#\"><\/a><a href=\"https:\/\/www.diarionorte.com\/324818-sameep-confirmo-un-aumento-del-130-acumulado-durante-2026#\"><\/a><\/p>\n\n\n\n<p>La empresa estatal Sameep confirm\u00f3 que durante 2026 se aplicar\u00e1 una actualizaci\u00f3n escalonada en la tarifa del servicio de agua potable en la provincia. El presidente de la compa\u00f1\u00eda, Nicol\u00e1s Diez, detall\u00f3 que el incremento acumulado rondar\u00e1 el 130% hacia fin de a\u00f1o.<\/p>\n\n\n\n<p>Seg\u00fan explic\u00f3 el directivo, el esquema comenzar\u00e1 a aplicarse en mayo, cuando la tarifa tendr\u00e1 un aumento del 80%. Posteriormente se aplicar\u00e1n tres ajustes bimestrales del 17,93% cada uno: en julio, septiembre y noviembre.<\/p>\n\n\n\n<p>En t\u00e9rminos concretos para los usuarios, la actualizaci\u00f3n impactar\u00e1 sobre la tarifa b\u00e1sica de referencia, que hoy ronda los 5.700 pesos mensuales para un consumo de hasta 15 metros c\u00fabicos de agua por mes \u2014equivalentes a unos 15.000 litros\u2014. Con el nuevo esquema, hacia fin de a\u00f1o esa misma factura pasar\u00eda a ubicarse en torno a los 13100 pesos.&nbsp;&nbsp;<\/p>\n\n\n\n<p><strong>TARIFA SOCIAL&nbsp;<\/strong><\/p>\n\n\n\n<p>Diez aclar\u00f3 que la tarifa social no ser\u00e1 modificada y continuar\u00e1 vigente bajo las mismas condiciones actuales. Este beneficio est\u00e1 destinado a personas con discapacidad y a usuarios cuyos ingresos se encuentren por debajo del salario m\u00ednimo, vital y m\u00f3vil.<\/p>\n\n\n\n<p>Quienes est\u00e9n en esas condiciones pueden gestionar el beneficio acerc\u00e1ndose a las gerencias comerciales de Sameep, donde deber\u00e1n presentar la documentaci\u00f3n correspondiente para acceder al r\u00e9gimen solidario.<\/p>\n\n\n\n<p>El titular de la empresa explic\u00f3 que la actualizaci\u00f3n tarifaria responde principalmente al aumento de los costos operativos, especialmente en energ\u00eda el\u00e9ctrica y productos qu\u00edmicos utilizados para potabilizar el agua. Sameep opera 24 plantas potabilizadoras en toda la provincia, con log\u00edstica y transporte de insumos hacia distintos puntos del territorio.<\/p>\n\n\n\n<p>Adem\u00e1s, indic\u00f3 que parte de los recursos se destinar\u00e1n a mejoras en la red, reparaci\u00f3n de ca\u00f1er\u00edas y renovaci\u00f3n de equipamiento, con el objetivo de mejorar el servicio de agua potable y cloacas en distintas localidades del Chaco.<\/p>\n","protected":false},"excerpt":{"rendered":"<p>El presidente de la empresa [&hellip;]<\/p>\n","protected":false},"author":1,"featured_media":6030,"comment_status":"closed","ping_status":"closed","sticky":false,"template":"","format":"standard","meta":{"footnotes":""},"categories":[1],"tags":[],"class_list":["post-6029","post","type-post","status-publish","format-standard","has-post-thumbnail","hentry","category-sin-categoria"],"_links":{"self":[{"href":"https:\/\/infoelnordeste.com\/index.php\/wp-json\/wp\/v2\/posts\/6029","targetHints":{"allow":["GET"]}}],"collection":[{"href":"https:\/\/infoelnordeste.com\/index.php\/wp-json\/wp\/v2\/posts"}],"about":[{"href":"https:\/\/infoelnordeste.com\/index.php\/wp-json\/wp\/v2\/types\/post"}],"author":[{"embeddable":true,"href":"https:\/\/infoelnordeste.com\/index.php\/wp-json\/wp\/v2\/users\/1"}],"replies":[{"embeddable":true,"href":"https:\/\/infoelnordeste.com\/index.php\/wp-json\/wp\/v2\/comments?post=6029"}],"version-history":[{"count":1,"href":"https:\/\/infoelnordeste.com\/index.php\/wp-json\/wp\/v2\/posts\/6029\/revisions"}],"predecessor-version":[{"id":6031,"href":"https:\/\/infoelnordeste.com\/index.php\/wp-json\/wp\/v2\/posts\/6029\/revisions\/6031"}],"wp:featuredmedia":[{"embeddable":true,"href":"https:\/\/infoelnordeste.com\/index.php\/wp-json\/wp\/v2\/media\/6030"}],"wp:attachment":[{"href":"https:\/\/infoelnordeste.com\/index.php\/wp-json\/wp\/v2\/media?parent=6029"}],"wp:term":[{"taxonomy":"category","embeddable":true,"href":"https:\/\/infoelnordeste.com\/index.php\/wp-json\/wp\/v2\/categories?post=6029"},{"taxonomy":"post_tag","embeddable":true,"href":"https:\/\/infoelnordeste.com\/index.php\/wp-json\/wp\/v2\/tags?post=6029"}],"curies":[{"name":"wp","href":"https:\/\/api.w.org\/{rel}","templated":true}]}}