{"id":6026,"date":"2026-03-13T17:39:27","date_gmt":"2026-03-13T17:39:27","guid":{"rendered":"https:\/\/infoelnordeste.com\/?p=6026"},"modified":"2026-03-13T17:39:27","modified_gmt":"2026-03-13T17:39:27","slug":"vecinos-de-zona-norte-de-resistencia-llevan-dos-dias-sin-agua-y-reclaman-respuestas","status":"publish","type":"post","link":"https:\/\/infoelnordeste.com\/index.php\/2026\/03\/13\/vecinos-de-zona-norte-de-resistencia-llevan-dos-dias-sin-agua-y-reclaman-respuestas\/","title":{"rendered":"VECINOS DE ZONA NORTE DE RESISTENCIA LLEVAN DOS D\u00cdAS SIN AGUA Y RECLAMAN RESPUESTAS"},"content":{"rendered":"\n<p>Desde hace al menos 48 horas, vecinos de distintos barrios del sector norte de Resistencia denuncian la falta total o la baja presi\u00f3n en el servicio de agua potable, una situaci\u00f3n que afecta la vida cotidiana de numerosas familias y que, hasta el momento, no recibi\u00f3 explicaciones oficiales por parte de SAMEEP.<a href=\"https:\/\/api.whatsapp.com\/send?text=Vecinos%20de%20zona%20norte%20de%20Resistencia%20llevan%20dos%20d%C3%ADas%20sin%20agua%20y%20reclaman%20respuestas%20-%20https:\/\/www.diarionorte.com\/324812-vecinos-de-zona-norte-de-resistencia-llevan-dos-dias-sin-agua-y-reclaman-respuestas?utm_source=WhatsApp%26utm_medium=WhatsApp%26utm_campaign=WhatsApp%26utm_term=WhatsApp\" target=\"_blank\" rel=\"noreferrer noopener\"><\/a><a href=\"https:\/\/www.diarionorte.com\/324812-vecinos-de-zona-norte-de-resistencia-llevan-dos-dias-sin-agua-y-reclaman-respuestas#\"><\/a><a href=\"https:\/\/www.diarionorte.com\/324812-vecinos-de-zona-norte-de-resistencia-llevan-dos-dias-sin-agua-y-reclaman-respuestas#\"><\/a><\/p>\n\n\n\n<p>\u00a0Los reclamos se concentran principalmente en zonas como barrio Judicial, Felipe Gallardo y otros sectores cercanos, donde los usuarios aseguran que desde hace dos d\u00edas el agua pr\u00e1cticamente no llega a los domicilios o lo hace con una presi\u00f3n tan baja que resulta imposible llenar tanques o utilizarla con normalidad.<a href=\"https:\/\/www.diarionorte.com\/324812-vecinos-de-zona-norte-de-resistencia-llevan-dos-dias-sin-agua-y-reclaman-respuestas#\"><\/a><a href=\"https:\/\/www.diarionorte.com\/324812-vecinos-de-zona-norte-de-resistencia-llevan-dos-dias-sin-agua-y-reclaman-respuestas#\"><\/a><\/p>\n\n\n\n<p>Seg\u00fan relataron vecinos, el problema comenz\u00f3 hace aproximadamente dos d\u00edas y se mantiene sin mejoras. En algunos hogares el suministro se corta completamente durante gran parte del d\u00eda, mientras que en otros apenas sale un hilo de agua por las canillas.<\/p>\n\n\n\n<p>La falta del servicio complica tareas b\u00e1sicas como cocinar, higienizarse o limpiar, adem\u00e1s de generar preocupaci\u00f3n por la falta de informaci\u00f3n oficial sobre las causas del inconveniente y el tiempo estimado de normalizaci\u00f3n.<\/p>\n\n\n\n<p>Hasta el momento, desde la empresa estatal encargada del servicio difundieron un aviso que involucra la baja presi\u00f3n en localidades aleda\u00f1as por motivos de reparaci\u00f3n del Primer Acueducto, sin embargo la ciudad de Resistencia no debiera sentirse afectada. A pesar de reiterados reclamos de los vecinos, desde la empresa provincial no se dieron explicaciones alguna respecto de la baja presi\u00f3n o la interrupci\u00f3n del suministro en los barrios del norte de la ciudad.&nbsp;Reproducir<\/p>\n\n\n\n<p>Ante este escenario, los vecinos solicitan una respuesta urgente y medidas para restablecer el servicio, especialmente considerando las altas temperaturas que se registran en la regi\u00f3n y la necesidad permanente de contar con agua potable en los hogares.<\/p>\n\n\n\n<p>Mientras tanto, los reclamos contin\u00faan multiplic\u00e1ndose a trav\u00e9s de redes sociales y grupos barriales, donde los residentes exigen una pronta soluci\u00f3n al problema.<\/p>\n","protected":false},"excerpt":{"rendered":"<p>Desde hace al menos 48 [&hellip;]<\/p>\n","protected":false},"author":1,"featured_media":6027,"comment_status":"closed","ping_status":"closed","sticky":false,"template":"","format":"standard","meta":{"footnotes":""},"categories":[1],"tags":[],"class_list":["post-6026","post","type-post","status-publish","format-standard","has-post-thumbnail","hentry","category-sin-categoria"],"_links":{"self":[{"href":"https:\/\/infoelnordeste.com\/index.php\/wp-json\/wp\/v2\/posts\/6026","targetHints":{"allow":["GET"]}}],"collection":[{"href":"https:\/\/infoelnordeste.com\/index.php\/wp-json\/wp\/v2\/posts"}],"about":[{"href":"https:\/\/infoelnordeste.com\/index.php\/wp-json\/wp\/v2\/types\/post"}],"author":[{"embeddable":true,"href":"https:\/\/infoelnordeste.com\/index.php\/wp-json\/wp\/v2\/users\/1"}],"replies":[{"embeddable":true,"href":"https:\/\/infoelnordeste.com\/index.php\/wp-json\/wp\/v2\/comments?post=6026"}],"version-history":[{"count":1,"href":"https:\/\/infoelnordeste.com\/index.php\/wp-json\/wp\/v2\/posts\/6026\/revisions"}],"predecessor-version":[{"id":6028,"href":"https:\/\/infoelnordeste.com\/index.php\/wp-json\/wp\/v2\/posts\/6026\/revisions\/6028"}],"wp:featuredmedia":[{"embeddable":true,"href":"https:\/\/infoelnordeste.com\/index.php\/wp-json\/wp\/v2\/media\/6027"}],"wp:attachment":[{"href":"https:\/\/infoelnordeste.com\/index.php\/wp-json\/wp\/v2\/media?parent=6026"}],"wp:term":[{"taxonomy":"category","embeddable":true,"href":"https:\/\/infoelnordeste.com\/index.php\/wp-json\/wp\/v2\/categories?post=6026"},{"taxonomy":"post_tag","embeddable":true,"href":"https:\/\/infoelnordeste.com\/index.php\/wp-json\/wp\/v2\/tags?post=6026"}],"curies":[{"name":"wp","href":"https:\/\/api.w.org\/{rel}","templated":true}]}}