{"id":6023,"date":"2026-03-12T17:21:12","date_gmt":"2026-03-12T17:21:12","guid":{"rendered":"https:\/\/infoelnordeste.com\/?p=6023"},"modified":"2026-03-12T17:21:12","modified_gmt":"2026-03-12T17:21:12","slug":"caso-bernabe-navarro-la-justicia-pidio-a-cibercrimen-peritar-los-telefonos-de-la-familia","status":"publish","type":"post","link":"https:\/\/infoelnordeste.com\/index.php\/2026\/03\/12\/caso-bernabe-navarro-la-justicia-pidio-a-cibercrimen-peritar-los-telefonos-de-la-familia\/","title":{"rendered":"CASO BERNAB\u00c9 NAVARRO: LA JUSTICIA PIDI\u00d3 A CIBERCRIMEN PERITAR LOS TEL\u00c9FONOS DE LA FAMILIA"},"content":{"rendered":"\n<p>La investigaci\u00f3n por la desaparici\u00f3n del jubilado Bernab\u00e9 Navarro sum\u00f3 en las \u00faltimas horas una nueva medida judicial: se orden\u00f3 la pericia de los tel\u00e9fonos celulares de integrantes de la familia a trav\u00e9s del \u00e1rea de Cibercrimen, con el objetivo de analizar comunicaciones y movimientos que puedan aportar datos para esclarecer lo ocurrido.<a href=\"https:\/\/api.whatsapp.com\/send?text=Caso%20Bernab%C3%A9%20Navarro:%20la%20Justicia%20pidi%C3%B3%20a%20Cibercrimen%20peritar%20los%20tel%C3%A9fonos%20de%20la%20familia%20-%20https:\/\/www.diarionorte.com\/324766-caso-bernabe-navarro-la-justicia-pidio-a-cibercrimen-peritar-los-telefonos-de-la-familia?utm_source=WhatsApp%26utm_medium=WhatsApp%26utm_campaign=WhatsApp%26utm_term=WhatsApp\" target=\"_blank\" rel=\"noreferrer noopener\"><\/a><a href=\"https:\/\/www.diarionorte.com\/324766-caso-bernabe-navarro-la-justicia-pidio-a-cibercrimen-peritar-los-telefonos-de-la-familia#\"><\/a><a href=\"https:\/\/www.diarionorte.com\/324766-caso-bernabe-navarro-la-justicia-pidio-a-cibercrimen-peritar-los-telefonos-de-la-familia#\"><\/a><\/p>\n\n\n\n<p>El caso se remonta al domingo 1 de febrero, cuando Navarro sali\u00f3 de su vivienda alrededor de las 16, supuestamente con destino a una cancha de veteranos para asistir a un partido. Sin embargo, desde entonces no volvi\u00f3 a ser visto, lo que motiv\u00f3 la preocupaci\u00f3n de sus familiares.<\/p>\n\n\n\n<p>Ante la ausencia y la imposibilidad de localizarlo, ese mismo d\u00eda a las 22 se activ\u00f3 el protocolo de b\u00fasqueda, inici\u00e1ndose un amplio operativo policial.<\/p>\n\n\n\n<h3 class=\"wp-block-heading\">Amplio operativo de b\u00fasqueda<\/h3>\n\n\n\n<p>Desde el lunes 2 de febrero se conformaron distintos grupos de trabajo para rastrillar la zona y recabar informaci\u00f3n. En el operativo participaron efectivos de Investigaciones de S\u00e1enz Pe\u00f1a, la Rural &#8220;La Chiquita&#8221;, personal de Investigaciones y la Comisar\u00eda de Tres Isletas, adem\u00e1s de unidades policiales de S\u00e1enz Pe\u00f1a, con apoyo de caballer\u00eda e infanter\u00eda.<\/p>\n\n\n\n<p>En total, alrededor de 120 personas integraron el dispositivo de b\u00fasqueda, que tambi\u00e9n cont\u00f3 con la intervenci\u00f3n de la Polic\u00eda Federal Argentina, a trav\u00e9s de su delegaci\u00f3n en Corrientes, en coordinaci\u00f3n con el Ministerio de Seguridad de la Naci\u00f3n.<\/p>\n\n\n\n<p>Asimismo, se utiliz\u00f3 un helic\u00f3ptero con base en el aeropuerto de Presidencia Roque S\u00e1enz Pe\u00f1a, que sobrevol\u00f3 distintas \u00e1reas rurales en el marco de los rastrillajes.<\/p>\n\n\n\n<h3 class=\"wp-block-heading\">Supuestos avistamientos<\/h3>\n\n\n\n<p>Durante los primeros d\u00edas de b\u00fasqueda se recibieron varios reportes de posibles avistamientos del jubilado.<\/p>\n\n\n\n<p>Uno de ellos fue registrado a la 1:45 de la madrugada del d\u00eda 2 en la rotonda de Villa Berthet. Ese mismo d\u00eda, un vecino de apellido Mambr\u00edn declar\u00f3 haberlo visto en la zona rural de Colonia Rivadavia, cerca de la desmotadora ubicada sobre la Ruta Nacional 16.<\/p>\n\n\n\n<p>Tambi\u00e9n se report\u00f3 otro supuesto avistamiento en el sector de Pampa Loca o Pampa Alegr\u00eda, en inmediaciones del paralelo entre calle 51 y la Ruta Nacional 95.<\/p>\n\n\n\n<p>Adem\u00e1s, investigadores analizan una imagen captada por una c\u00e1mara de seguridad en la calle 26 del barrio Ensanche Norte de Presidencia Roque S\u00e1enz Pe\u00f1a, donde supuestamente habr\u00eda quedado registrado el paso del hombre.<\/p>\n\n\n\n<h3 class=\"wp-block-heading\">Antecedentes y estado de salud<\/h3>\n\n\n\n<p>Seg\u00fan inform\u00f3 la familia, Navarro ya se hab\u00eda ausentado de su hogar en cuatro oportunidades anteriores, aunque en todos los casos fue encontrado posteriormente en zonas rurales cercanas.<\/p>\n\n\n\n<p>El jubilado padece problemas card\u00edacos y necesita medicaci\u00f3n espec\u00edfica de alto costo, lo que incrementa la preocupaci\u00f3n por su paradero.<\/p>\n\n\n\n<p>De acuerdo con los datos incorporados a la causa, percibe una jubilaci\u00f3n cercana a los 467.000 pesos y uno de sus hijos es el apoderado para realizar los cobros con tarjeta, debido a que Navarro no sab\u00eda utilizar el cajero autom\u00e1tico.<\/p>\n\n\n\n<h3 class=\"wp-block-heading\">Nueva l\u00ednea de investigaci\u00f3n<\/h3>\n\n\n\n<p>En ese contexto, la Justicia dispuso ahora pericias sobre los tel\u00e9fonos celulares de integrantes de la familia, tarea que estar\u00e1 a cargo del \u00e1rea de Cibercrimen, con el fin de analizar comunicaciones, ubicaciones y otros registros digitales que puedan aportar elementos a la investigaci\u00f3n.<\/p>\n\n\n\n<p>La medida forma parte de las diligencias que buscan reconstruir las \u00faltimas horas del jubilado y determinar qu\u00e9 ocurri\u00f3 tras su salida de la vivienda el d\u00eda de su desaparici\u00f3n.<\/p>\n","protected":false},"excerpt":{"rendered":"<p>La investigaci\u00f3n por la desaparici\u00f3n [&hellip;]<\/p>\n","protected":false},"author":1,"featured_media":6024,"comment_status":"closed","ping_status":"closed","sticky":false,"template":"","format":"standard","meta":{"footnotes":""},"categories":[1],"tags":[],"class_list":["post-6023","post","type-post","status-publish","format-standard","has-post-thumbnail","hentry","category-sin-categoria"],"_links":{"self":[{"href":"https:\/\/infoelnordeste.com\/index.php\/wp-json\/wp\/v2\/posts\/6023","targetHints":{"allow":["GET"]}}],"collection":[{"href":"https:\/\/infoelnordeste.com\/index.php\/wp-json\/wp\/v2\/posts"}],"about":[{"href":"https:\/\/infoelnordeste.com\/index.php\/wp-json\/wp\/v2\/types\/post"}],"author":[{"embeddable":true,"href":"https:\/\/infoelnordeste.com\/index.php\/wp-json\/wp\/v2\/users\/1"}],"replies":[{"embeddable":true,"href":"https:\/\/infoelnordeste.com\/index.php\/wp-json\/wp\/v2\/comments?post=6023"}],"version-history":[{"count":1,"href":"https:\/\/infoelnordeste.com\/index.php\/wp-json\/wp\/v2\/posts\/6023\/revisions"}],"predecessor-version":[{"id":6025,"href":"https:\/\/infoelnordeste.com\/index.php\/wp-json\/wp\/v2\/posts\/6023\/revisions\/6025"}],"wp:featuredmedia":[{"embeddable":true,"href":"https:\/\/infoelnordeste.com\/index.php\/wp-json\/wp\/v2\/media\/6024"}],"wp:attachment":[{"href":"https:\/\/infoelnordeste.com\/index.php\/wp-json\/wp\/v2\/media?parent=6023"}],"wp:term":[{"taxonomy":"category","embeddable":true,"href":"https:\/\/infoelnordeste.com\/index.php\/wp-json\/wp\/v2\/categories?post=6023"},{"taxonomy":"post_tag","embeddable":true,"href":"https:\/\/infoelnordeste.com\/index.php\/wp-json\/wp\/v2\/tags?post=6023"}],"curies":[{"name":"wp","href":"https:\/\/api.w.org\/{rel}","templated":true}]}}