{"id":6020,"date":"2026-03-12T17:20:36","date_gmt":"2026-03-12T17:20:36","guid":{"rendered":"https:\/\/infoelnordeste.com\/?p=6020"},"modified":"2026-03-12T17:20:37","modified_gmt":"2026-03-12T17:20:37","slug":"causa-elvis-benitez-que-dijo-la-titular-de-anses","status":"publish","type":"post","link":"https:\/\/infoelnordeste.com\/index.php\/2026\/03\/12\/causa-elvis-benitez-que-dijo-la-titular-de-anses\/","title":{"rendered":"CAUSA ELVIS BEN\u00cdTEZ: QU\u00c9 DIJO LA TITULAR DE ANSES"},"content":{"rendered":"\n<p>Durante su testimonio, la delegada local de la ANSES en Resistencia,\u00a0<strong>Estela Orellana<\/strong>\u00a0explic\u00f3 que el organismo no tiene facultades para abrir cuentas bancarias, y mucho menos cuentas en d\u00f3lares. Adem\u00e1s, indic\u00f3 que para iniciar el tr\u00e1mite de una asignaci\u00f3n por hijo generalmente deben presentarse de manera presencial la madre o el padre del menor con la documentaci\u00f3n correspondiente, como el acta de nacimiento.<a href=\"https:\/\/api.whatsapp.com\/send?text=Causa%20Elvis%20Ben%C3%ADtez:%20qu%C3%A9%20dijo%20la%20titular%20de%20ANSES%20-%20https:\/\/www.diarionorte.com\/324767-causa-elvis-benitez-que-dijo-la-titular-de-anses?utm_source=WhatsApp%26utm_medium=WhatsApp%26utm_campaign=WhatsApp%26utm_term=WhatsApp\" target=\"_blank\" rel=\"noreferrer noopener\"><\/a><a href=\"https:\/\/www.diarionorte.com\/324767-causa-elvis-benitez-que-dijo-la-titular-de-anses#\"><\/a><a href=\"https:\/\/www.diarionorte.com\/324767-causa-elvis-benitez-que-dijo-la-titular-de-anses#\"><\/a><\/p>\n\n\n\n<p>En el marco de esta l\u00ednea investigativa, este jueves declar\u00f3 como testigo la titular de la delegaci\u00f3n local de la ANSES en Resistencia,&nbsp;<strong>Estela Orellana<\/strong>.<\/p>\n\n\n\n<p>Durante su testimonio, la funcionaria explic\u00f3 que el organismo no tiene facultades para abrir cuentas bancarias, y mucho menos cuentas en d\u00f3lares. Adem\u00e1s, indic\u00f3 que para iniciar el tr\u00e1mite de una asignaci\u00f3n por hijo generalmente deben presentarse de manera presencial la madre o el padre del menor con la documentaci\u00f3n correspondiente, como el acta de nacimiento.<a href=\"https:\/\/www.diarionorte.com\/324767-causa-elvis-benitez-que-dijo-la-titular-de-anses#\"><\/a><\/p>\n\n\n\n<p>Orellana tambi\u00e9n se\u00f1al\u00f3 que, una vez iniciado el tr\u00e1mite, la apertura de la cuenta y el cobro del beneficio suelen realizarse en un plazo relativamente corto, lo que llam\u00f3 la atenci\u00f3n en este caso debido al tiempo transcurrido entre el nacimiento del hijo de Ben\u00edtez y la supuesta apertura de la cuenta.<\/p>\n\n\n\n<p><strong>Contradicciones con el informe del banco<\/strong><\/p>\n\n\n\n<p>Los dichos de la funcionaria contrastan con la informaci\u00f3n remitida previamente por el Banco Patagonia a la fiscal\u00eda. Seg\u00fan ese informe, en septiembre de 2019 se abri\u00f3 una cuenta sueldo a nombre de Ben\u00edtez a pedido de ANSES para el cobro de un beneficio vinculado al nacimiento de su hijo.<\/p>\n\n\n\n<p>De acuerdo con los datos incorporados a la causa, en esa cuenta se habr\u00eda depositado una suma cercana a los tres millones de pesos correspondiente a ese beneficio, aunque el dinero nunca fue retirado.<\/p>\n\n\n\n<p>Para la querella, uno de los aspectos que genera dudas es la diferencia temporal entre el nacimiento del ni\u00f1o, ocurrido en 2017, y la apertura de la cuenta para cobrar el beneficio en 2019. &#8220;<strong>No es extra\u00f1o que se abra una cuenta para percibir una asignaci\u00f3n por nacimiento, pero s\u00ed llama la atenci\u00f3n la demora&#8221;<\/strong>&nbsp;, se\u00f1al\u00f3 Vianello.<\/p>\n\n\n\n<p>De acuerdo con lo informado en la investigaci\u00f3n, en la cuenta abierta en 2019 se deposit\u00f3 una suma cercana a los tres millones de pesos correspondiente a ese beneficio, aunque el dinero nunca fue retirado.<\/p>\n\n\n\n<p>Para la querella, esclarecer qui\u00e9n inici\u00f3 ese tr\u00e1mite es un paso fundamental para determinar c\u00f3mo se gestion\u00f3 la apertura de la cuenta y si pudo haber intervenci\u00f3n de terceros.<\/p>\n\n\n\n<p><strong>&#8220;Queremos saber qui\u00e9n solicit\u00f3 el beneficio, porque para iniciar ese tr\u00e1mite normalmente deben presentarse la madre o el padre del ni\u00f1o con el acta de nacimiento&#8221;<\/strong>&nbsp;, explic\u00f3 Vianello.<\/p>\n\n\n\n<p>Adem\u00e1s de esta l\u00ednea de investigaci\u00f3n, la fiscal\u00eda tambi\u00e9n analiza informaci\u00f3n sobre una posible cuenta en d\u00f3lares a nombre de Ben\u00edtez, un dato que a\u00fan genera dudas debido a que desde ANSES aseguraron que el organismo no tiene facultades para abrir cuentas bancarias de ese tipo.<\/p>\n\n\n\n<p>Las pr\u00f3ximas medidas judiciales estar\u00e1n orientadas a esclarecer esas inconsistencias y a reconstruir qu\u00e9 ocurri\u00f3 con los tr\u00e1mites y movimientos bancarios registrados despu\u00e9s de la desaparici\u00f3n del joven.<\/p>\n\n\n\n<p><strong>Pr\u00f3ximas medidas<\/strong><\/p>\n\n\n\n<p>A partir de estas inconsistencias entre la informaci\u00f3n brindada por el banco y el testimonio de la titular de ANSES, la fiscal\u00eda continuar\u00e1 reuniendo documentaci\u00f3n y testimonios para determinar qui\u00e9n inici\u00f3 el tr\u00e1mite del beneficio y c\u00f3mo se realiz\u00f3 la apertura de la cuenta.<\/p>\n\n\n\n<p>En ese contexto, la declaraci\u00f3n de la madre del hijo de Ben\u00edtez ser\u00e1 clave para reconstruir si ella gestion\u00f3 el beneficio o si el tr\u00e1mite fue iniciado por otra persona.<\/p>\n\n\n\n<p>Mientras tanto, tambi\u00e9n contin\u00faa bajo an\u00e1lisis otra posible cuenta bancaria a nombre del joven, abierta m\u00e1s recientemente y en d\u00f3lares, una situaci\u00f3n que genera interrogantes debido a que desde ANSES aseguraron que el organismo no tiene facultades para gestionar ese tipo de aperturas.<\/p>\n","protected":false},"excerpt":{"rendered":"<p>Durante su testimonio, la delegada [&hellip;]<\/p>\n","protected":false},"author":1,"featured_media":6021,"comment_status":"closed","ping_status":"closed","sticky":false,"template":"","format":"standard","meta":{"footnotes":""},"categories":[1],"tags":[],"class_list":["post-6020","post","type-post","status-publish","format-standard","has-post-thumbnail","hentry","category-sin-categoria"],"_links":{"self":[{"href":"https:\/\/infoelnordeste.com\/index.php\/wp-json\/wp\/v2\/posts\/6020","targetHints":{"allow":["GET"]}}],"collection":[{"href":"https:\/\/infoelnordeste.com\/index.php\/wp-json\/wp\/v2\/posts"}],"about":[{"href":"https:\/\/infoelnordeste.com\/index.php\/wp-json\/wp\/v2\/types\/post"}],"author":[{"embeddable":true,"href":"https:\/\/infoelnordeste.com\/index.php\/wp-json\/wp\/v2\/users\/1"}],"replies":[{"embeddable":true,"href":"https:\/\/infoelnordeste.com\/index.php\/wp-json\/wp\/v2\/comments?post=6020"}],"version-history":[{"count":1,"href":"https:\/\/infoelnordeste.com\/index.php\/wp-json\/wp\/v2\/posts\/6020\/revisions"}],"predecessor-version":[{"id":6022,"href":"https:\/\/infoelnordeste.com\/index.php\/wp-json\/wp\/v2\/posts\/6020\/revisions\/6022"}],"wp:featuredmedia":[{"embeddable":true,"href":"https:\/\/infoelnordeste.com\/index.php\/wp-json\/wp\/v2\/media\/6021"}],"wp:attachment":[{"href":"https:\/\/infoelnordeste.com\/index.php\/wp-json\/wp\/v2\/media?parent=6020"}],"wp:term":[{"taxonomy":"category","embeddable":true,"href":"https:\/\/infoelnordeste.com\/index.php\/wp-json\/wp\/v2\/categories?post=6020"},{"taxonomy":"post_tag","embeddable":true,"href":"https:\/\/infoelnordeste.com\/index.php\/wp-json\/wp\/v2\/tags?post=6020"}],"curies":[{"name":"wp","href":"https:\/\/api.w.org\/{rel}","templated":true}]}}