{"id":6017,"date":"2026-03-12T17:18:17","date_gmt":"2026-03-12T17:18:17","guid":{"rendered":"https:\/\/infoelnordeste.com\/?p=6017"},"modified":"2026-03-12T17:18:18","modified_gmt":"2026-03-12T17:18:18","slug":"cumplimos-con-lo-que-queria-el-juez-sostuvo-tapia-tras-ser-indagado-presento-un-escrito-y-no-respondio-preguntas","status":"publish","type":"post","link":"https:\/\/infoelnordeste.com\/index.php\/2026\/03\/12\/cumplimos-con-lo-que-queria-el-juez-sostuvo-tapia-tras-ser-indagado-presento-un-escrito-y-no-respondio-preguntas\/","title":{"rendered":"&#8220;CUMPLIMOS CON LO QUE QUER\u00cdA EL JUEZ&#8221;, SOSTUVO TAPIA TRAS SER INDAGADO: PRESENT\u00d3 UN ESCRITO Y NO RESPONDI\u00d3 PREGUNTAS"},"content":{"rendered":"\n<p>El presidente de la\u00a0<strong>Asociaci\u00f3n del F\u00fatbol Argentino Claudio Tapia<\/strong>\u00a0dijo que cumplieron con el tr\u00e1mite ordenado en la causa penal por\u00a0<strong>presunta retenci\u00f3n de aportes<\/strong>\u00a0donde est\u00e1 acusado.<a href=\"https:\/\/api.whatsapp.com\/send?text=%22Cumplimos%20con%20lo%20que%20quer%C3%ADa%20el%20juez%22,%20sostuvo%20Tapia%20tras%20ser%20indagado:%20present%C3%B3%20un%20escrito%20y%20no%20respondi%C3%B3%20preguntas%20-%20https:\/\/www.diarionorte.com\/324769-cumplimos-con-lo-que-queria-el-juez-sostuvo-tapia-tras-ser-indagado-presento-un-escrito-y-no-respondio-preguntas?utm_source=WhatsApp%26utm_medium=WhatsApp%26utm_campaign=WhatsApp%26utm_term=WhatsApp\" target=\"_blank\" rel=\"noreferrer noopener\"><\/a><a href=\"https:\/\/www.diarionorte.com\/324769-cumplimos-con-lo-que-queria-el-juez-sostuvo-tapia-tras-ser-indagado-presento-un-escrito-y-no-respondio-preguntas#\"><\/a><a href=\"https:\/\/www.diarionorte.com\/324769-cumplimos-con-lo-que-queria-el-juez-sostuvo-tapia-tras-ser-indagado-presento-un-escrito-y-no-respondio-preguntas#\"><\/a><\/p>\n\n\n\n<p>Claudio &#8220;Chiqui&#8221; Tapia, presidente de la Asociaci\u00f3n del F\u00fatbol Argentino (AFA), present\u00f3 un escrito sin responder preguntas al ser indagado este jueves en la causa que investiga una presunta retenci\u00f3n indebida de aportes por 19.000 millones de pesos.<\/p>\n\n\n\n<p>&#8220;Cumplimos con lo que quer\u00eda el juez&#8221;, afirm\u00f3 al retirarse de los tribunales en medio de un tumulto por la guardia period\u00edstica montada en el lugar y mientras bajaba por una rampa ubicada al costado del ingreso principal al edificio de Avenida de los Inmigrantes 1950.<\/p>\n\n\n\n<p>&nbsp;Adem\u00e1s acot\u00f3: &#8220;y nos vamos a poner a trabajar con Espa\u00f1a porque Espa\u00f1a quiere que la Finalissima se juegue en Espa\u00f1a y yo quiero que se juegue en el Monumental&#8221;. Luego de lo cual abord\u00f3 la camioneta en la que hab\u00eda llegado minutos antes de las 11 y se retir\u00f3.<\/p>\n\n\n\n<p><strong>La llegada<\/strong><\/p>\n\n\n\n<p>Tapia lleg\u00f3 a la sede de la justicia en lo Penal Econ\u00f3mico en Avenida De los Inmigrantes 1950 a bordo de una camioneta Toyota SW4 blanca y salud\u00f3 a la guardia period\u00edstica que lo esperaba con un &#8220;buenos d\u00edas&#8221; y un pedido de &#8220;no nos agolpemos&#8221;, pero no pudo evitar el tumulto en su ingreso al edificio.<\/p>\n\n\n\n<p>&nbsp;De inmediato se dirigi\u00f3 a uno de los tres ascensores del hall central y subi\u00f3 al segundo piso, donde ya es indagado por el juez en lo penal econ\u00f3mico Diego Amarante. Para la citaci\u00f3n se mont\u00f3 fuerte operativo de seguridad policial.<\/p>\n\n\n\n<p>Su indagatoria cerrar\u00e1 la ronda de declaraciones ordenada en la investigaci\u00f3n y Amarante quedar\u00e1 en condiciones de resolver las situaciones procesales de todos los acusados integrantes de la comisi\u00f3n directiva de la Asociaci\u00f3n, entre ellos Tapia y el tesorero Pablo Toviggino.<\/p>\n\n\n\n<p>Su defensor Luis Charr\u00f3 asumi\u00f3 la semana pasada a horas de la citaci\u00f3n original, ya que el presidente de AFA deb\u00eda abrir la ronda de declaraciones, pero el cambio de abogado le permiti\u00f3 pedir pr\u00f3rroga y qued\u00f3 \u00faltimo en el listado.<\/p>\n\n\n\n<p>A su llegada no hizo declaraciones. S\u00f3lo se limit\u00f3 a pedir que los camar\u00f3grafos y los fot\u00f3grafos lo dejaran pasar para ingresar al edificio judicial.<\/p>\n\n\n\n<p>Su primer defensor fue el abogado Lucio Simonetti, quien present\u00f3 un recurso por inexistencia de delito y reclam\u00f3 el sobreseimiento. El juez Amarante lo rechaz\u00f3 y sigui\u00f3 adelante con las indagatorias y ahora el tema est\u00e1 a estudio de la C\u00e1mara en lo Penal Econ\u00f3mico, que convoc\u00f3 a una audiencia el 18 de marzo pr\u00f3ximo.<\/p>\n\n\n\n<p>El expediente investiga la falta de pago de impuestos retenidos durante los a\u00f1os 2024 y 2025. La deuda original alcanza los $ 19.350 millones. El monto comprende obligaciones del impuesto al valor agregado, el impuesto a las ganancias y los aportes de la seguridad social.<\/p>\n\n\n\n<p>En su indagatoria de ayer y por escrito el tesorero Toviggino pidi\u00f3 ser sobrese\u00eddo porque sostuvo que no hubo delito y, en caso de serle rechazado este planteo, reclam\u00f3 quedar comprendido dentro de la ley de Inocencia Fiscal. AFA regulariz\u00f3 su situaci\u00f3n impositiva. Abon\u00f3 una parte de la deuda en efectivo y suscribi\u00f3 planes de pago por el saldo restante, mencion\u00f3 en su descargo.<\/p>\n\n\n\n<p>El delito por el que se imput\u00f3 a Tapia prev\u00e9 penas de dos a seis a\u00f1os de prisi\u00f3n. El presidente de AFA est\u00e1 mencionado e investigado en otras causas penales pero qued\u00f3 imputado formalmente por primera vez en esta investigaci\u00f3n por retenci\u00f3n de impuestos iniciada por denuncia de ARCA, querellante en el caso.<\/p>\n","protected":false},"excerpt":{"rendered":"<p>El presidente de la\u00a0Asociaci\u00f3n del [&hellip;]<\/p>\n","protected":false},"author":1,"featured_media":6018,"comment_status":"closed","ping_status":"closed","sticky":false,"template":"","format":"standard","meta":{"footnotes":""},"categories":[1],"tags":[],"class_list":["post-6017","post","type-post","status-publish","format-standard","has-post-thumbnail","hentry","category-sin-categoria"],"_links":{"self":[{"href":"https:\/\/infoelnordeste.com\/index.php\/wp-json\/wp\/v2\/posts\/6017","targetHints":{"allow":["GET"]}}],"collection":[{"href":"https:\/\/infoelnordeste.com\/index.php\/wp-json\/wp\/v2\/posts"}],"about":[{"href":"https:\/\/infoelnordeste.com\/index.php\/wp-json\/wp\/v2\/types\/post"}],"author":[{"embeddable":true,"href":"https:\/\/infoelnordeste.com\/index.php\/wp-json\/wp\/v2\/users\/1"}],"replies":[{"embeddable":true,"href":"https:\/\/infoelnordeste.com\/index.php\/wp-json\/wp\/v2\/comments?post=6017"}],"version-history":[{"count":1,"href":"https:\/\/infoelnordeste.com\/index.php\/wp-json\/wp\/v2\/posts\/6017\/revisions"}],"predecessor-version":[{"id":6019,"href":"https:\/\/infoelnordeste.com\/index.php\/wp-json\/wp\/v2\/posts\/6017\/revisions\/6019"}],"wp:featuredmedia":[{"embeddable":true,"href":"https:\/\/infoelnordeste.com\/index.php\/wp-json\/wp\/v2\/media\/6018"}],"wp:attachment":[{"href":"https:\/\/infoelnordeste.com\/index.php\/wp-json\/wp\/v2\/media?parent=6017"}],"wp:term":[{"taxonomy":"category","embeddable":true,"href":"https:\/\/infoelnordeste.com\/index.php\/wp-json\/wp\/v2\/categories?post=6017"},{"taxonomy":"post_tag","embeddable":true,"href":"https:\/\/infoelnordeste.com\/index.php\/wp-json\/wp\/v2\/tags?post=6017"}],"curies":[{"name":"wp","href":"https:\/\/api.w.org\/{rel}","templated":true}]}}