{"id":6014,"date":"2026-03-12T17:17:05","date_gmt":"2026-03-12T17:17:05","guid":{"rendered":"https:\/\/infoelnordeste.com\/?p=6014"},"modified":"2026-03-12T17:17:05","modified_gmt":"2026-03-12T17:17:05","slug":"for-ever-viaja-a-buenos-aires-con-el-objetivo-de-sumar-ante-moron","status":"publish","type":"post","link":"https:\/\/infoelnordeste.com\/index.php\/2026\/03\/12\/for-ever-viaja-a-buenos-aires-con-el-objetivo-de-sumar-ante-moron\/","title":{"rendered":"FOR EVER VIAJA A BUENOS AIRES CON EL OBJETIVO DE SUMAR ANTE MOR\u00d3N"},"content":{"rendered":"\n<p>El &#8220;Negro&#8221; parte hoy, a las 21, en micro. Pancaldo prepara dos cambios. El juego ante el &#8220;Gallito&#8221; ser\u00e1 el s\u00e1bado, a las 16.<a href=\"https:\/\/api.whatsapp.com\/send?text=For%20Ever%20viaja%20a%20Buenos%20Aires%20con%20el%20objetivo%20de%20sumar%20ante%20Mor%C3%B3n%20-%20https:\/\/www.diarionorte.com\/324757-for-ever-viaja-a-buenos-aires-con-el-objetivo-de-sumar-ante-moron?utm_source=WhatsApp%26utm_medium=WhatsApp%26utm_campaign=WhatsApp%26utm_term=WhatsApp\" target=\"_blank\" rel=\"noreferrer noopener\"><\/a><a href=\"https:\/\/www.diarionorte.com\/324757-for-ever-viaja-a-buenos-aires-con-el-objetivo-de-sumar-ante-moron#\"><\/a><a href=\"https:\/\/www.diarionorte.com\/324757-for-ever-viaja-a-buenos-aires-con-el-objetivo-de-sumar-ante-moron#\"><\/a><\/p>\n\n\n\n<p>For Ever entrenar\u00e1 hoy por la ma\u00f1ana. Y por la noche, a las 21, partir\u00e1 en micro hacia Buenos Aires de cara al compromiso del s\u00e1bado, a las 16, cuando visite a Deportivo Mor\u00f3n por la 5\u00aa fecha de la zona A de la Primera Nacional de f\u00fatbol.<a href=\"https:\/\/www.diarionorte.com\/324757-for-ever-viaja-a-buenos-aires-con-el-objetivo-de-sumar-ante-moron#\"><\/a><\/p>\n\n\n\n<p>El DT del &#8220;Negro&#8221;, Ricardo Pancaldo, tiene en mente realizar dos variantes respecto del equipo que hace dos semanas perdi\u00f3 2-0 ante San Miguel: Santiago Valenzuela por Bahiano Garc\u00eda y Leonardo Marinucci por Imanol Enr\u00edquez. As\u00ed, el 11 que se perfila para jugar en la mencionada ciudad de la provincia de Buenos Aires es: Gast\u00f3n Canuto; Alan Luque, David Valdez, Mathias Silvera y Agust\u00edn Ojeda; Santiago Valenzuela, Brian Nievas, Juan Manuel Carrizo y Gonzalo Melgarejo; Leonardo Marinucci y Ezequiel Pacheco.<\/p>\n\n\n\n<p>El elenco chaque\u00f1o sum\u00f3 hasta aqu\u00ed un punto de nueve, producto de dos derrotas y un empate, por lo que necesita rescatar unidades en su visita al estadio &#8220;Nuevo Francisco Urbano&#8221;.<\/p>\n\n\n\n<p><strong>SE FUE ROSALES<\/strong><\/p>\n\n\n\n<p>Hugo Rosales, quien se desempe\u00f1aba como ayudante de campo del entrenador Ricardo Pancaldo, decidi\u00f3 dar un paso al costado y abandonar su cargo en For Ever.<\/p>\n\n\n\n<p>Rosales hab\u00eda llegado al &#8220;Negro&#8221; al inicio de la temporada, espec\u00edficamente para acompa\u00f1ar a Pancaldo en la conducci\u00f3n del equipo tras la salida de Germ\u00e1n &#8220;Pipo&#8221; C\u00e1ceres (estuvo en 2025). Su incorporaci\u00f3n fue parte del armado que realiz\u00f3 el t\u00e9cnico para conformar su grupo de trabajo, en el que el rol de ayudante de campo resulta fundamental tanto en la planificaci\u00f3n de los entrenamientos como en la toma de decisiones durante los partidos.<\/p>\n\n\n\n<p>La salida del colaborador ocurre en un contexto poco favorable para la instituci\u00f3n chaque\u00f1a. El propio presidente del club, H\u00e9ctor G\u00f3mez, hab\u00eda reconocido y puesto en palabras p\u00fablicamente la situaci\u00f3n econ\u00f3mica que enfrenta la entidad, describiendo un escenario de dificultades financieras que ya no pod\u00eda mantenerse en silencio. En ese marco, la renuncia de Rosales aparece como una consecuencia directa de ese clima interno complicado.<\/p>\n\n\n\n<p>TODA LA 5\u00aa FECHA<\/p>\n\n\n\n<p>ZONA &#8220;A&#8221;<\/p>\n\n\n\n<p>Viernes:<\/p>\n\n\n\n<p>A las 21, Racing (Cba.)- Alte. Brown<\/p>\n\n\n\n<p>\u00c1rbitro: Maximiliano Manduca<\/p>\n\n\n\n<p>S\u00e1bado:<\/p>\n\n\n\n<p>A las 14, Los Andes- Central Norte (S.)<\/p>\n\n\n\n<p>\u00c1rbitro: Ariel Cruz<\/p>\n\n\n\n<p>A las 16, All Boys- Dep. Madryn<\/p>\n\n\n\n<p>\u00c1rbitro: Nahuel Vi\u00f1as<\/p>\n\n\n\n<p>A las 16, Dep. Mor\u00f3n &#8211; For Ever<\/p>\n\n\n\n<p>\u00c1rbitro: Mat\u00edas Billone. Asistentes: Ariel Scime y Guillermo Yacante. Cuarto: Tom\u00e1s Aybar<\/p>\n\n\n\n<p>A las 16, San Miguel &#8211; San Telmo<\/p>\n\n\n\n<p>\u00c1rbitro: Nicol\u00e1s Mastroieni<\/p>\n\n\n\n<p>A las 18, Estudiantes- Def. de Belgrano<\/p>\n\n\n\n<p>\u00c1rbitro: Gast\u00f3n Monson Brizuela<\/p>\n\n\n\n<p>A las 18, Godoy Cruz (Mza.) &#8211; Ferro Carril Oeste<\/p>\n\n\n\n<p>\u00c1rbitro: Bryan Ferreyra<\/p>\n\n\n\n<p>A las 19, Mitre (S.E.) &#8211; Ciudad de Bol\u00edvar<\/p>\n\n\n\n<p>\u00c1rbitro: Juan Nebietti<\/p>\n\n\n\n<p>A las 20, Col\u00f3n &#8211; Acassuso<\/p>\n\n\n\n<p>\u00c1rbitro: Gonzalo Pereira<\/p>\n\n\n\n<p>ZONA &#8220;B&#8221;<\/p>\n\n\n\n<p>Viernes<\/p>\n\n\n\n<p>A las 21, Atl\u00e9tico de Rafaela &#8211; San Mart\u00edn (SJ)<\/p>\n\n\n\n<p>\u00c1rbitro: \u00c1lvaro Carranza<\/p>\n\n\n\n<p>S\u00e1bado:<\/p>\n\n\n\n<p>A las 20, Quilmes A.C. &#8211; Patronato (P.)<\/p>\n\n\n\n<p>\u00c1rbitro: Juan Pablo Loustau<\/p>\n\n\n\n<p>A las 20, T. Su\u00e1rez &#8211; G\u00fcemes (S.E.)<\/p>\n\n\n\n<p>\u00c1rbitro: Franco Acita<\/p>\n\n\n\n<p>Domingo:<\/p>\n\n\n\n<p>A las 16, Gimnasia y Tiro (S.) &#8211; Temperley<\/p>\n\n\n\n<p>\u00c1rbitro: Pablo Gim\u00e9nez<\/p>\n\n\n\n<p>A las 16, Agropecuario Arg. &#8211; Chacarita Jrs.<\/p>\n\n\n\n<p>\u00c1rbitro: Javier Delbarba<\/p>\n\n\n\n<p>A las 17, Gimnasia y Esgrima (J.) &#8211; Colegiales<\/p>\n\n\n\n<p>\u00c1rbitro: Fabrizio Llobet<\/p>\n\n\n\n<p>A las 18, F.C. Midland &#8211; Almagro<\/p>\n\n\n\n<p>\u00c1rbitro: Jorge Broggi<\/p>\n\n\n\n<p>A las 20, San Mart\u00edn (T.) &#8211; Nueva Chicago<\/p>\n\n\n\n<p>\u00c1rbitro: Lucas Cavallero<\/p>\n\n\n\n<p>Lunes:<\/p>\n\n\n\n<p>A las 21, Atlanta &#8211; Dep. Maip\u00fa (Mza.)<\/p>\n\n\n\n<p>\u00c1rbitro: Felipe Viola<\/p>\n","protected":false},"excerpt":{"rendered":"<p>El &#8220;Negro&#8221; parte hoy, a [&hellip;]<\/p>\n","protected":false},"author":1,"featured_media":6015,"comment_status":"closed","ping_status":"closed","sticky":false,"template":"","format":"standard","meta":{"footnotes":""},"categories":[1],"tags":[],"class_list":["post-6014","post","type-post","status-publish","format-standard","has-post-thumbnail","hentry","category-sin-categoria"],"_links":{"self":[{"href":"https:\/\/infoelnordeste.com\/index.php\/wp-json\/wp\/v2\/posts\/6014","targetHints":{"allow":["GET"]}}],"collection":[{"href":"https:\/\/infoelnordeste.com\/index.php\/wp-json\/wp\/v2\/posts"}],"about":[{"href":"https:\/\/infoelnordeste.com\/index.php\/wp-json\/wp\/v2\/types\/post"}],"author":[{"embeddable":true,"href":"https:\/\/infoelnordeste.com\/index.php\/wp-json\/wp\/v2\/users\/1"}],"replies":[{"embeddable":true,"href":"https:\/\/infoelnordeste.com\/index.php\/wp-json\/wp\/v2\/comments?post=6014"}],"version-history":[{"count":1,"href":"https:\/\/infoelnordeste.com\/index.php\/wp-json\/wp\/v2\/posts\/6014\/revisions"}],"predecessor-version":[{"id":6016,"href":"https:\/\/infoelnordeste.com\/index.php\/wp-json\/wp\/v2\/posts\/6014\/revisions\/6016"}],"wp:featuredmedia":[{"embeddable":true,"href":"https:\/\/infoelnordeste.com\/index.php\/wp-json\/wp\/v2\/media\/6015"}],"wp:attachment":[{"href":"https:\/\/infoelnordeste.com\/index.php\/wp-json\/wp\/v2\/media?parent=6014"}],"wp:term":[{"taxonomy":"category","embeddable":true,"href":"https:\/\/infoelnordeste.com\/index.php\/wp-json\/wp\/v2\/categories?post=6014"},{"taxonomy":"post_tag","embeddable":true,"href":"https:\/\/infoelnordeste.com\/index.php\/wp-json\/wp\/v2\/tags?post=6014"}],"curies":[{"name":"wp","href":"https:\/\/api.w.org\/{rel}","templated":true}]}}