{"id":6011,"date":"2026-03-11T16:51:19","date_gmt":"2026-03-11T16:51:19","guid":{"rendered":"https:\/\/infoelnordeste.com\/?p=6011"},"modified":"2026-03-11T16:51:20","modified_gmt":"2026-03-11T16:51:20","slug":"doble-femicidio-en-quitilipi-confirman-que-la-adolescente-fue-abusada-sexualmente-por-el-asesino","status":"publish","type":"post","link":"https:\/\/infoelnordeste.com\/index.php\/2026\/03\/11\/doble-femicidio-en-quitilipi-confirman-que-la-adolescente-fue-abusada-sexualmente-por-el-asesino\/","title":{"rendered":"DOBLE FEMICIDIO EN QUITILIPI: CONFIRMAN QUE LA ADOLESCENTE FUE ABUSADA SEXUALMENTE POR EL ASESINO"},"content":{"rendered":"\n<p>La investigaci\u00f3n por el doble crimen de Quitilipi sum\u00f3 detalles determinantes tras las precisiones brindadas por el Procurador General, Jorge Canteros.<a href=\"https:\/\/api.whatsapp.com\/send?text=Doble%20femicidio%20en%20Quitilipi:%20confirman%20que%20la%20adolescente%20fue%20abusada%20sexualmente%20por%20el%20asesino%20-%20https:\/\/www.diarionorte.com\/324725-doble-femicidio-en-quitilipi-confirman-que-la-adolescente-fue-abusada-sexualmente-por-el-asesino?utm_source=WhatsApp%26utm_medium=WhatsApp%26utm_campaign=WhatsApp%26utm_term=WhatsApp\" target=\"_blank\" rel=\"noreferrer noopener\"><\/a><a href=\"https:\/\/www.diarionorte.com\/324725-doble-femicidio-en-quitilipi-confirman-que-la-adolescente-fue-abusada-sexualmente-por-el-asesino#\"><\/a><a href=\"https:\/\/www.diarionorte.com\/324725-doble-femicidio-en-quitilipi-confirman-que-la-adolescente-fue-abusada-sexualmente-por-el-asesino#\"><\/a><\/p>\n\n\n\n<p>El fiscal de investigaci\u00f3n provisorio N\u00b01 de Presidencia Roque S\u00e1enz Pe\u00f1a, C\u00e9sar Collado, quien intervino en el lugar desde el inicio de las actuaciones policiales, confirm\u00f3 a NORTE que el presunto agresor ya se encuentra detenido y a disposici\u00f3n de la justicia. La causa, caratulada preventivamente como femicidio bajo los protocolos de la Procuraci\u00f3n General, involucra el asesinato de una mujer de 37 a\u00f1os y de su hija de 17<\/p>\n\n\n\n<p>De acuerdo con el avance de la instrucci\u00f3n penal preparatoria, el hecho se habr\u00eda originado luego de que el sospechoso, ex pareja de la mujer mayor, fuera rechazado en la vivienda de las v\u00edctimas.<\/p>\n\n\n\n<p>El hombre intent\u00f3 ingresar a una celebraci\u00f3n de cumplea\u00f1os en un evidente estado de ebriedad, pero la due\u00f1a de casa y su familia le impidieron el paso. No obstante, una vez finalizada la reuni\u00f3n, &#8220;el sujeto ingres\u00f3 de forma subrepticia al domicilio y atac\u00f3 a la mujer de 37 a\u00f1os con el canto de un hacha, provoc\u00e1ndole la muerte de manera inmediata&#8221;, cont\u00f3 Canteros a NORTE, a lo que continu\u00f3:\u00a0<strong>&#8220;Posteriormente, el agresor se dirigi\u00f3 hacia la hija de la v\u00edctima&#8221;.<\/strong><a href=\"https:\/\/www.diarionorte.com\/324725-doble-femicidio-en-quitilipi-confirman-que-la-adolescente-fue-abusada-sexualmente-por-el-asesino#\"><\/a><a href=\"https:\/\/www.diarionorte.com\/324725-doble-femicidio-en-quitilipi-confirman-que-la-adolescente-fue-abusada-sexualmente-por-el-asesino#\"><\/a><\/p>\n\n\n\n<p>Ac\u00e1, el escenario suma crueldad y atrocidad, ya que seg\u00fan los informes preliminares detallados por Cantero, el atacante termin\u00f3 con la vida de la adolescente de 17 a\u00f1os y, en el proceso, ejerci\u00f3 violencia sexual contra ella.<em><strong>\u00a0&#8220;Los peritajes indicaron que la menor sufri\u00f3 abusos tanto vaginales como anales, presuntamente realizados con un objeto romo o elemento mec\u00e1nico cuya naturaleza exacta a\u00fan est\u00e1 bajo an\u00e1lisis pericial&#8221;<\/strong>\u00a0<\/em>, confirm\u00f3 el procurador.<a href=\"https:\/\/www.diarionorte.com\/324725-doble-femicidio-en-quitilipi-confirman-que-la-adolescente-fue-abusada-sexualmente-por-el-asesino#\"><\/a><a href=\"https:\/\/www.diarionorte.com\/324725-doble-femicidio-en-quitilipi-confirman-que-la-adolescente-fue-abusada-sexualmente-por-el-asesino#\"><\/a><\/p>\n\n\n\n<p>El despliegue judicial y policial permiti\u00f3 la captura del sospechoso apenas una hora despu\u00e9s de que el fiscal Collado se constituyera en la escena del crimen. El imputado permanece bajo custodia mientras se aguardan los resultados finales de las autopsias y otros informes t\u00e9cnicos que permitir\u00e1n establecer la mec\u00e1nica precisa de ambos fallecimientos. El caso contin\u00faa bajo la \u00f3rbita de la fiscal\u00eda de Presidencia Roque S\u00e1enz Pe\u00f1a para completar la etapa de pruebas.<\/p>\n","protected":false},"excerpt":{"rendered":"<p>La investigaci\u00f3n por el doble [&hellip;]<\/p>\n","protected":false},"author":1,"featured_media":6012,"comment_status":"closed","ping_status":"closed","sticky":false,"template":"","format":"standard","meta":{"footnotes":""},"categories":[1],"tags":[],"class_list":["post-6011","post","type-post","status-publish","format-standard","has-post-thumbnail","hentry","category-sin-categoria"],"_links":{"self":[{"href":"https:\/\/infoelnordeste.com\/index.php\/wp-json\/wp\/v2\/posts\/6011","targetHints":{"allow":["GET"]}}],"collection":[{"href":"https:\/\/infoelnordeste.com\/index.php\/wp-json\/wp\/v2\/posts"}],"about":[{"href":"https:\/\/infoelnordeste.com\/index.php\/wp-json\/wp\/v2\/types\/post"}],"author":[{"embeddable":true,"href":"https:\/\/infoelnordeste.com\/index.php\/wp-json\/wp\/v2\/users\/1"}],"replies":[{"embeddable":true,"href":"https:\/\/infoelnordeste.com\/index.php\/wp-json\/wp\/v2\/comments?post=6011"}],"version-history":[{"count":1,"href":"https:\/\/infoelnordeste.com\/index.php\/wp-json\/wp\/v2\/posts\/6011\/revisions"}],"predecessor-version":[{"id":6013,"href":"https:\/\/infoelnordeste.com\/index.php\/wp-json\/wp\/v2\/posts\/6011\/revisions\/6013"}],"wp:featuredmedia":[{"embeddable":true,"href":"https:\/\/infoelnordeste.com\/index.php\/wp-json\/wp\/v2\/media\/6012"}],"wp:attachment":[{"href":"https:\/\/infoelnordeste.com\/index.php\/wp-json\/wp\/v2\/media?parent=6011"}],"wp:term":[{"taxonomy":"category","embeddable":true,"href":"https:\/\/infoelnordeste.com\/index.php\/wp-json\/wp\/v2\/categories?post=6011"},{"taxonomy":"post_tag","embeddable":true,"href":"https:\/\/infoelnordeste.com\/index.php\/wp-json\/wp\/v2\/tags?post=6011"}],"curies":[{"name":"wp","href":"https:\/\/api.w.org\/{rel}","templated":true}]}}