{"id":6008,"date":"2026-03-11T16:50:26","date_gmt":"2026-03-11T16:50:26","guid":{"rendered":"https:\/\/infoelnordeste.com\/?p=6008"},"modified":"2026-03-11T16:50:27","modified_gmt":"2026-03-11T16:50:27","slug":"nos-encontramos-con-un-escenario-macabro-dijo-el-fiscal-que-interviene-en-el-doble-femicidio-de-quitilipi","status":"publish","type":"post","link":"https:\/\/infoelnordeste.com\/index.php\/2026\/03\/11\/nos-encontramos-con-un-escenario-macabro-dijo-el-fiscal-que-interviene-en-el-doble-femicidio-de-quitilipi\/","title":{"rendered":"&#8220;NOS ENCONTRAMOS CON UN ESCENARIO MACABRO&#8221;, DIJO EL FISCAL QUE INTERVIENE EN EL DOBLE FEMICIDIO DE QUITILIPI"},"content":{"rendered":"\n<p><strong>C\u00e9sar Collado<\/strong>, fiscal suplente a cargo de la Fiscal\u00eda 1 de S\u00e1enz Pe\u00f1a describi\u00f3 la escena donde encontraron muerta a\u00a0<strong>Juliana Fr\u00edas y a su hija de 17 a\u00f1os<\/strong>\u00a0en una vivienda de Quitilipi como algo &#8220;realmente macabro&#8221;. Orden\u00f3 el traslado del cuerpo de la menor al Imcif.<a href=\"https:\/\/api.whatsapp.com\/send?text=%22Nos%20encontramos%20con%20un%20escenario%20macabro%22,%20dijo%20el%20%20fiscal%20que%20interviene%20en%20el%20doble%20femicidio%20de%20Quitilipi%20-%20https:\/\/www.diarionorte.com\/324727-nos-encontramos-con-un-escenario-macabro-dijo-el-fiscal-que-interviene-en-el-doble-femicidio-de-quitilipi?utm_source=WhatsApp%26utm_medium=WhatsApp%26utm_campaign=WhatsApp%26utm_term=WhatsApp\" target=\"_blank\" rel=\"noreferrer noopener\"><\/a><a href=\"https:\/\/www.diarionorte.com\/324727-nos-encontramos-con-un-escenario-macabro-dijo-el-fiscal-que-interviene-en-el-doble-femicidio-de-quitilipi#\"><\/a><a href=\"https:\/\/www.diarionorte.com\/324727-nos-encontramos-con-un-escenario-macabro-dijo-el-fiscal-que-interviene-en-el-doble-femicidio-de-quitilipi#\"><\/a><\/p>\n\n\n\n<p>&#8220;<strong>Nos encontramos realmente con un escenario macabro&#8221;<\/strong>,\u00a0describi\u00f3 el fiscal\u00a0<strong>C\u00e9sar Collado<\/strong>\u00a0quien intervino ayer por la tarde en el doble femicidio ocurrido en una vivienda ubicada en la avenida 25 de Mayo y calle Paraguar\u00ed de Quitilipi. Las v\u00edctimas son Juliana Marcela Fr\u00edas, de 37 a\u00f1os, y su hija menor, Diana Yerlin G\u00f3mez, de 17 a\u00f1os.<a href=\"https:\/\/www.diarionorte.com\/324727-nos-encontramos-con-un-escenario-macabro-dijo-el-fiscal-que-interviene-en-el-doble-femicidio-de-quitilipi#\"><\/a><\/p>\n\n\n\n<p>El fiscal confirm\u00f3 a NORTE que la mujer de 37 a\u00f1os fue asesinada de un certero golpe en la zona de la oreja con un hacha mientras que su hija fue abusada sexualmente con un elemento y luego asesinada mediante una maniobra de asfixia por ahorcamiento.&nbsp;<\/p>\n\n\n\n<p>Luego de ser asesinadas, el autor tap\u00f3 los cuerpos con una manta, ya que as\u00ed fueron encontrados por la polic\u00eda y justicia.\u00a0<strong>&#8220;El agresor no tiene lesiones de que las otras personas hayan ofrecido resistencia, tampoco hay se\u00f1al de pelea dentro de la habitaci\u00f3n. Los cuerpos estaban tapados, evidentemente se tom\u00f3 el trabajo despu\u00e9s de cometer semejante tropel\u00eda de taparlos. No sabemos si \u00e9l puso al aire a 17 grados cent\u00edgrados o si ya estaba encendido&#8221;<\/strong>, describi\u00f3.<a href=\"https:\/\/www.diarionorte.com\/324727-nos-encontramos-con-un-escenario-macabro-dijo-el-fiscal-que-interviene-en-el-doble-femicidio-de-quitilipi#\"><\/a><\/p>\n\n\n\n<p>Asimismo, el fiscal orden\u00f3 que el cuerpo de la menor sea trasladado al Imcif para realizar la autopsia correspondiente. Y estim\u00f3 que el jueves podr\u00eda contar con m\u00e1s detalles para finalizar con las actuaciones judiciales y que David Ojeda, detenido por el doble femicidio preste declaraci\u00f3n de imputado<\/p>\n","protected":false},"excerpt":{"rendered":"<p>C\u00e9sar Collado, fiscal suplente a [&hellip;]<\/p>\n","protected":false},"author":1,"featured_media":6009,"comment_status":"closed","ping_status":"closed","sticky":false,"template":"","format":"standard","meta":{"footnotes":""},"categories":[1],"tags":[],"class_list":["post-6008","post","type-post","status-publish","format-standard","has-post-thumbnail","hentry","category-sin-categoria"],"_links":{"self":[{"href":"https:\/\/infoelnordeste.com\/index.php\/wp-json\/wp\/v2\/posts\/6008","targetHints":{"allow":["GET"]}}],"collection":[{"href":"https:\/\/infoelnordeste.com\/index.php\/wp-json\/wp\/v2\/posts"}],"about":[{"href":"https:\/\/infoelnordeste.com\/index.php\/wp-json\/wp\/v2\/types\/post"}],"author":[{"embeddable":true,"href":"https:\/\/infoelnordeste.com\/index.php\/wp-json\/wp\/v2\/users\/1"}],"replies":[{"embeddable":true,"href":"https:\/\/infoelnordeste.com\/index.php\/wp-json\/wp\/v2\/comments?post=6008"}],"version-history":[{"count":1,"href":"https:\/\/infoelnordeste.com\/index.php\/wp-json\/wp\/v2\/posts\/6008\/revisions"}],"predecessor-version":[{"id":6010,"href":"https:\/\/infoelnordeste.com\/index.php\/wp-json\/wp\/v2\/posts\/6008\/revisions\/6010"}],"wp:featuredmedia":[{"embeddable":true,"href":"https:\/\/infoelnordeste.com\/index.php\/wp-json\/wp\/v2\/media\/6009"}],"wp:attachment":[{"href":"https:\/\/infoelnordeste.com\/index.php\/wp-json\/wp\/v2\/media?parent=6008"}],"wp:term":[{"taxonomy":"category","embeddable":true,"href":"https:\/\/infoelnordeste.com\/index.php\/wp-json\/wp\/v2\/categories?post=6008"},{"taxonomy":"post_tag","embeddable":true,"href":"https:\/\/infoelnordeste.com\/index.php\/wp-json\/wp\/v2\/tags?post=6008"}],"curies":[{"name":"wp","href":"https:\/\/api.w.org\/{rel}","templated":true}]}}