{"id":6005,"date":"2026-03-11T16:49:39","date_gmt":"2026-03-11T16:49:39","guid":{"rendered":"https:\/\/infoelnordeste.com\/?p=6005"},"modified":"2026-03-11T16:49:40","modified_gmt":"2026-03-11T16:49:40","slug":"conmocion-por-la-muerte-de-un-gendarme-chaqueno-en-salta-investigan-si-fue-hantavirus","status":"publish","type":"post","link":"https:\/\/infoelnordeste.com\/index.php\/2026\/03\/11\/conmocion-por-la-muerte-de-un-gendarme-chaqueno-en-salta-investigan-si-fue-hantavirus\/","title":{"rendered":"CONMOCI\u00d3N POR LA MUERTE DE UN GENDARME CHAQUE\u00d1O EN SALTA: INVESTIGAN SI FUE HANTAVIRUS"},"content":{"rendered":"\n<p>El cabo\u00a0<strong>Mauro Ponte<\/strong>, de 26 a\u00f1os y oriundo del Chaco, falleci\u00f3 tras sufrir un cuadro infeccioso grave mientras prestaba servicio en el\u00a0<strong>Escuadr\u00f3n 20 de Gendarmer\u00eda en Or\u00e1n<\/strong>. Autoridades sanitarias analizan si el caso est\u00e1 vinculado al hantavirus.<a href=\"https:\/\/api.whatsapp.com\/send?text=Conmoci%C3%B3n%20por%20la%20muerte%20de%20un%20gendarme%20chaque%C3%B1o%20en%20Salta:%20investigan%20si%20fue%20hantavirus%20-%20https:\/\/www.diarionorte.com\/324724-conmocion-por-la-muerte-de-un-gendarme-chaqueno-en-salta-investigan-si-fue-hantavirus?utm_source=WhatsApp%26utm_medium=WhatsApp%26utm_campaign=WhatsApp%26utm_term=WhatsApp\" target=\"_blank\" rel=\"noreferrer noopener\"><\/a><a href=\"https:\/\/www.diarionorte.com\/324724-conmocion-por-la-muerte-de-un-gendarme-chaqueno-en-salta-investigan-si-fue-hantavirus#\"><\/a><a href=\"https:\/\/www.diarionorte.com\/324724-conmocion-por-la-muerte-de-un-gendarme-chaqueno-en-salta-investigan-si-fue-hantavirus#\"><\/a><\/p>\n\n\n\n<p>La muerte de un joven gendarme chaque\u00f1o en la ciudad salte\u00f1a de San Ram\u00f3n de la Nueva Or\u00e1n gener\u00f3 preocupaci\u00f3n dentro de la fuerza y abri\u00f3 una investigaci\u00f3n para determinar las causas del fallecimiento.<\/p>\n\n\n\n<p>El efectivo fue identificado como Mauro Ponte, de 26 a\u00f1os, quien se desempe\u00f1aba como cabo de Gendarmer\u00eda Nacional en el Escuadr\u00f3n 20. Seg\u00fan trascendi\u00f3, el uniformado falleci\u00f3 luego de presentar un cuadro infeccioso severo que podr\u00eda estar relacionado con hantavirus, aunque esa hip\u00f3tesis todav\u00eda no fue confirmada oficialmente.<a href=\"https:\/\/www.diarionorte.com\/324724-conmocion-por-la-muerte-de-un-gendarme-chaqueno-en-salta-investigan-si-fue-hantavirus#\"><\/a><\/p>\n\n\n\n<p><strong>Un cuadro de salud que se agrav\u00f3 r\u00e1pidamente<\/strong><\/p>\n\n\n\n<p>De acuerdo con informaci\u00f3n difundida por medios del norte de Salta, el joven gendarme comenz\u00f3 a manifestar s\u00edntomas compatibles con una infecci\u00f3n grave mientras se encontraba en funciones.<\/p>\n\n\n\n<p>Con el paso de las horas su estado de salud se deterior\u00f3 r\u00e1pidamente, lo que motiv\u00f3 su internaci\u00f3n. Sin embargo, pese a los esfuerzos m\u00e9dicos, el cuadro evolucion\u00f3 de manera cr\u00edtica y termin\u00f3 con el fallecimiento del efectivo.<\/p>\n\n\n\n<p>Las autoridades sanitarias aguardan ahora los resultados de los estudios epidemiol\u00f3gicos y an\u00e1lisis cl\u00ednicos que permitir\u00e1n determinar si la causa del deceso est\u00e1 vinculada efectivamente con hantavirus, una enfermedad viral transmitida principalmente por roedores.<\/p>\n\n\n\n<p><strong>Reclamos por la atenci\u00f3n m\u00e9dica recibida<\/strong><\/p>\n\n\n\n<p>La muerte del gendarme gener\u00f3 profunda conmoci\u00f3n entre familiares, compa\u00f1eros de la fuerza y vecinos, y en las \u00faltimas horas comenzaron a circular cuestionamientos sobre la atenci\u00f3n m\u00e9dica que habr\u00eda recibido durante el avance de la enfermedad.<\/p>\n\n\n\n<p>A trav\u00e9s de redes sociales y mensajes difundidos entre allegados surgieron reclamos para que se investiguen posibles fallas en la asistencia sanitaria, incluyendo versiones que hablan de una presunta demora en la atenci\u00f3n o en la derivaci\u00f3n a centros de mayor complejidad.<\/p>\n\n\n\n<p>En ese contexto, algunos testimonios mencionaron incluso la posibilidad de abandono de persona, por lo que se espera que la situaci\u00f3n sea analizada en el marco de las actuaciones correspondientes.<\/p>\n\n\n\n<p><strong>Alarma por otros efectivos con s\u00edntomas<\/strong><\/p>\n\n\n\n<p>La preocupaci\u00f3n tambi\u00e9n creci\u00f3 luego de que trascendiera que otros dos integrantes de la fuerza estar\u00edan internados con s\u00edntomas compatibles con la misma enfermedad, lo que encendi\u00f3 alertas dentro de la comunidad y entre el personal del escuadr\u00f3n.<\/p>\n\n\n\n<p>Ante esta situaci\u00f3n, las autoridades sanitarias trabajan para determinar si existe un posible foco epidemiol\u00f3gico y descartar riesgos de contagio. Mientras tanto, la investigaci\u00f3n contin\u00faa y se aguardan los informes m\u00e9dicos y epidemiol\u00f3gicos que permitir\u00e1n establecer con precisi\u00f3n qu\u00e9 provoc\u00f3 la muerte del joven gendarme chaque\u00f1o.<\/p>\n","protected":false},"excerpt":{"rendered":"<p>El cabo\u00a0Mauro Ponte, de 26 [&hellip;]<\/p>\n","protected":false},"author":1,"featured_media":6006,"comment_status":"closed","ping_status":"closed","sticky":false,"template":"","format":"standard","meta":{"footnotes":""},"categories":[1],"tags":[],"class_list":["post-6005","post","type-post","status-publish","format-standard","has-post-thumbnail","hentry","category-sin-categoria"],"_links":{"self":[{"href":"https:\/\/infoelnordeste.com\/index.php\/wp-json\/wp\/v2\/posts\/6005","targetHints":{"allow":["GET"]}}],"collection":[{"href":"https:\/\/infoelnordeste.com\/index.php\/wp-json\/wp\/v2\/posts"}],"about":[{"href":"https:\/\/infoelnordeste.com\/index.php\/wp-json\/wp\/v2\/types\/post"}],"author":[{"embeddable":true,"href":"https:\/\/infoelnordeste.com\/index.php\/wp-json\/wp\/v2\/users\/1"}],"replies":[{"embeddable":true,"href":"https:\/\/infoelnordeste.com\/index.php\/wp-json\/wp\/v2\/comments?post=6005"}],"version-history":[{"count":1,"href":"https:\/\/infoelnordeste.com\/index.php\/wp-json\/wp\/v2\/posts\/6005\/revisions"}],"predecessor-version":[{"id":6007,"href":"https:\/\/infoelnordeste.com\/index.php\/wp-json\/wp\/v2\/posts\/6005\/revisions\/6007"}],"wp:featuredmedia":[{"embeddable":true,"href":"https:\/\/infoelnordeste.com\/index.php\/wp-json\/wp\/v2\/media\/6006"}],"wp:attachment":[{"href":"https:\/\/infoelnordeste.com\/index.php\/wp-json\/wp\/v2\/media?parent=6005"}],"wp:term":[{"taxonomy":"category","embeddable":true,"href":"https:\/\/infoelnordeste.com\/index.php\/wp-json\/wp\/v2\/categories?post=6005"},{"taxonomy":"post_tag","embeddable":true,"href":"https:\/\/infoelnordeste.com\/index.php\/wp-json\/wp\/v2\/tags?post=6005"}],"curies":[{"name":"wp","href":"https:\/\/api.w.org\/{rel}","templated":true}]}}