{"id":6002,"date":"2026-03-11T16:48:32","date_gmt":"2026-03-11T16:48:32","guid":{"rendered":"https:\/\/infoelnordeste.com\/?p=6002"},"modified":"2026-03-11T16:48:33","modified_gmt":"2026-03-11T16:48:33","slug":"ramiro-gandola-defendera-su-triple-corona-en-brasil","status":"publish","type":"post","link":"https:\/\/infoelnordeste.com\/index.php\/2026\/03\/11\/ramiro-gandola-defendera-su-triple-corona-en-brasil\/","title":{"rendered":"RAMIRO GANDOLA DEFENDER\u00c1 SU TRIPLE CORONA EN BRASIL"},"content":{"rendered":"\n<p>La presentaci\u00f3n del equipo ser\u00e1 el viernes en Brasil y contar\u00e1 con la presencia del chaque\u00f1o. La primera fecha, el 12 de abril en San Pablo.\u00a0<a href=\"https:\/\/api.whatsapp.com\/send?text=Ramiro%20Gandola%20defender%C3%A1%20su%20triple%20corona%20en%20Brasil%20-%20https:\/\/www.diarionorte.com\/324714-ramiro-gandola-defendera-su-triple-corona-en-brasil?utm_source=WhatsApp%26utm_medium=WhatsApp%26utm_campaign=WhatsApp%26utm_term=WhatsApp\" target=\"_blank\" rel=\"noreferrer noopener\"><\/a><a href=\"https:\/\/www.diarionorte.com\/324714-ramiro-gandola-defendera-su-triple-corona-en-brasil#\"><\/a><a href=\"https:\/\/www.diarionorte.com\/324714-ramiro-gandola-defendera-su-triple-corona-en-brasil#\"><\/a><\/p>\n\n\n\n<p>Finalmente, y cuando parec\u00eda que su futuro iba a estar lejos de Campeonato Brasilero de Motociclismo, el chaque\u00f1o Ramiro Gandola lleg\u00f3 a un acuerdo con un nuevo equipo y tendr\u00e1 la posibilidad de defender el tricampeonato de la Categor\u00eda GP1000 del Moto1000GP.\u00a0<a href=\"https:\/\/www.diarionorte.com\/324714-ramiro-gandola-defendera-su-triple-corona-en-brasil#\"><\/a><\/p>\n\n\n\n<p>&#8220;Feliz por ser parte nuevamente de la categor\u00eda m\u00e1s importante del motociclismo latinoamericano&#8221;, dijo Ramiro Gandola en di\u00e1logo con NORTE. Y detall\u00f3 a manera de adelanto: &#8220;El nombre del equipo y los detalles todav\u00eda no est\u00e1n definidos porque la presentaci\u00f3n oficial ser\u00e1 el viernes, pero lo que s\u00ed est\u00e1 confirmado es que volver\u00e9 a ser parte del Moto1000GP, con la posibilidad de defender el tricampeonato&#8221;.&nbsp;<\/p>\n\n\n\n<p>Cabe destacar que la raz\u00f3n del alejamiento del chaque\u00f1o de la categor\u00eda se dio luego de que el Agem Racing, equipo con el que logr\u00f3 las coronas, decidi\u00f3 no formar parte este a\u00f1o del certamen del vecino pa\u00eds.<\/p>\n\n\n\n<p>&#8220;El final so\u00f1ado existe. Hoy toca escribir una de esas palabras que cuestan. Hoy se cierra una etapa. Con Agem Racing vivimos much\u00edsimo m\u00e1s que carreras. Vivimos madrugadas, viajes eternos, risas, discusiones, abrazos en silencio y gritos de alegr\u00eda. Vivimos el proceso completo. El esfuerzo cuando no sobraba nada y la gloria cuando todo val\u00eda la pena. Tres t\u00edtulos del campeonato m\u00e1s importante de Latinoam\u00e9rica. Pero, sobre todo, un equipo que nunca dej\u00f3 de creer. Un grupo humano que empuj\u00f3 siempre para el mismo lado, incluso cuando parec\u00eda cuesta arriba. Hoy me despido de este camino con orgullo, con gratitud y con el coraz\u00f3n lleno. Hoy Tricampeones en Brasil, y eso no lo borra nadie. Porque lo que se construy\u00f3 ac\u00e1 queda para siempre. Gracias Agem Racing por confiar, por acompa\u00f1ar y por dejarlo todo. Las etapas se cierran, pero la historia ya est\u00e1 escrita&#8221;, hab\u00eda escrito por el mes de enero Ramiro Gandola en sus redes sociales.&nbsp;<\/p>\n\n\n\n<p>Pero finalmente, y luego de intensas negociaciones con otros equipos, el piloto nacido en Resistencia volver\u00e1 a decir presente en el Moto1000GP. Cabe destacar que el Moto1000GP se iniciar\u00e1 en Interlagos el 12 de abril. El campeonato adem\u00e1s regresar\u00e1 a Goiania, que ya estar\u00e1 reformado, ya que en marzo llega el MotoGP, se confirm\u00f3 nuevamente Santa Cruz y por primera vez se correr\u00e1 en Cuiab\u00e1, en el Estado de Mato Grosso.<\/p>\n\n\n\n<p>Adem\u00e1s de esta competici\u00f3n, Gandola participar\u00e1 en el 2026 del Supermotard de Brasil y de dos fechas Mundial de Supermotard en Francia y Espa\u00f1a en el mes de septiembre y noviembre.&nbsp;<\/p>\n\n\n\n<p><strong>EL CALENDARIO<\/strong><\/p>\n\n\n\n<p>1. 12 de abril \u2013 Interlagos (SP).<\/p>\n\n\n\n<p>2. 24 de mayo \u2013 Goiania (GO).<\/p>\n\n\n\n<p>3. 5 de julio \u2013 Circuito a definir.<\/p>\n\n\n\n<p>4. 2 de agosto \u2013 Cascavel (PR).<\/p>\n\n\n\n<p>5. 22 de agosto \u2013 Interlagos (SP).<\/p>\n\n\n\n<p>6. 27 de septiembre \u2013 Santa Cruz do Sul (RS).<\/p>\n\n\n\n<p>7. 8 de noviembre \u2013 Cuiab\u00e1 (MT).<\/p>\n\n\n\n<p>8. 6 de diciembre &#8211; Goiania (GO).<\/p>\n","protected":false},"excerpt":{"rendered":"<p>La presentaci\u00f3n del equipo ser\u00e1 [&hellip;]<\/p>\n","protected":false},"author":1,"featured_media":6003,"comment_status":"closed","ping_status":"closed","sticky":false,"template":"","format":"standard","meta":{"footnotes":""},"categories":[1],"tags":[],"class_list":["post-6002","post","type-post","status-publish","format-standard","has-post-thumbnail","hentry","category-sin-categoria"],"_links":{"self":[{"href":"https:\/\/infoelnordeste.com\/index.php\/wp-json\/wp\/v2\/posts\/6002","targetHints":{"allow":["GET"]}}],"collection":[{"href":"https:\/\/infoelnordeste.com\/index.php\/wp-json\/wp\/v2\/posts"}],"about":[{"href":"https:\/\/infoelnordeste.com\/index.php\/wp-json\/wp\/v2\/types\/post"}],"author":[{"embeddable":true,"href":"https:\/\/infoelnordeste.com\/index.php\/wp-json\/wp\/v2\/users\/1"}],"replies":[{"embeddable":true,"href":"https:\/\/infoelnordeste.com\/index.php\/wp-json\/wp\/v2\/comments?post=6002"}],"version-history":[{"count":1,"href":"https:\/\/infoelnordeste.com\/index.php\/wp-json\/wp\/v2\/posts\/6002\/revisions"}],"predecessor-version":[{"id":6004,"href":"https:\/\/infoelnordeste.com\/index.php\/wp-json\/wp\/v2\/posts\/6002\/revisions\/6004"}],"wp:featuredmedia":[{"embeddable":true,"href":"https:\/\/infoelnordeste.com\/index.php\/wp-json\/wp\/v2\/media\/6003"}],"wp:attachment":[{"href":"https:\/\/infoelnordeste.com\/index.php\/wp-json\/wp\/v2\/media?parent=6002"}],"wp:term":[{"taxonomy":"category","embeddable":true,"href":"https:\/\/infoelnordeste.com\/index.php\/wp-json\/wp\/v2\/categories?post=6002"},{"taxonomy":"post_tag","embeddable":true,"href":"https:\/\/infoelnordeste.com\/index.php\/wp-json\/wp\/v2\/tags?post=6002"}],"curies":[{"name":"wp","href":"https:\/\/api.w.org\/{rel}","templated":true}]}}