{"id":5996,"date":"2026-03-10T16:35:11","date_gmt":"2026-03-10T16:35:11","guid":{"rendered":"https:\/\/infoelnordeste.com\/?p=5996"},"modified":"2026-03-11T16:47:00","modified_gmt":"2026-03-11T16:47:00","slug":"causa-maria-luz-herrera-trasladaron-a-su-expareja-al-complejo-penitenciario-ii","status":"publish","type":"post","link":"https:\/\/infoelnordeste.com\/index.php\/2026\/03\/10\/causa-maria-luz-herrera-trasladaron-a-su-expareja-al-complejo-penitenciario-ii\/","title":{"rendered":"CAUSA MAR\u00cdA LUZ HERRERA: TRASLADARON A SU EXPAREJA AL COMPLEJO PENITENCIARIO II"},"content":{"rendered":"\n<p>En las \u00faltimas horas,<strong>\u00a0Dar\u00edo Esequiel Godoy Florent\u00edn<\/strong>\u00a0fue trasladado desde la comisar\u00eda de la Clotilde hacia el Complejo Penitenciario II de S\u00e1enz Pe\u00f1a.<a href=\"https:\/\/api.whatsapp.com\/send?text=Causa%20Mar%C3%ADa%20Luz%20Herrera:%20trasladaron%20a%20su%20expareja%20al%20Complejo%20Penitenciario%20II%20-%20https:\/\/www.diarionorte.com\/324677-causa-maria-luz-herrera-trasladaron-a-su-expareja-al-complejo-penitenciario-ii?utm_source=WhatsApp%26utm_medium=WhatsApp%26utm_campaign=WhatsApp%26utm_term=WhatsApp\" target=\"_blank\" rel=\"noreferrer noopener\"><\/a><a href=\"https:\/\/www.diarionorte.com\/324677-causa-maria-luz-herrera-trasladaron-a-su-expareja-al-complejo-penitenciario-ii#\"><\/a><a href=\"https:\/\/www.diarionorte.com\/324677-causa-maria-luz-herrera-trasladaron-a-su-expareja-al-complejo-penitenciario-ii#\"><\/a><\/p>\n\n\n\n<p>El pasado 5 de marzo, la jueza en primera instancia Mariela Alejandra Gim\u00e9nez \u2014procedente del Equipo Fiscal N\u00b0 4 de S\u00e1enz Pe\u00f1a\u2014 solicit\u00f3 al Servicio Penitenciario Provincial que uno de los imputados por el femicidio de Mar\u00eda Luz Hererra,&nbsp;<strong>Dar\u00edo Esequiel Godoy Florent\u00edn<\/strong>&nbsp;sea trasladado desde la comisar\u00eda de La Clotilde hacia la unidad carcelaria.<\/p>\n\n\n\n<p>NORTE pudo saber que luego de cinco d\u00edas de la solicitud y de contar con una respuesta satisfactoria de parte de la Direcci\u00f3n General de Seguridad y Criminolog\u00eda de la provincia, finalmente este martes el imputado ser\u00e1 trasladado desde La Clotilde hacia la unidad carcelaria de la ciudad termal.<\/p>\n\n\n\n<p>Dar\u00edo Esequiel Godoy Florent\u00edn era la pareja de Mar\u00eda Luz Herrera. El joven est\u00e1 imputado por homicidio agravado por el v\u00ednculo- femicidio y en contexto de violencia de g\u00e9nero en calidad de autor.<a href=\"https:\/\/www.diarionorte.com\/324677-causa-maria-luz-herrera-trasladaron-a-su-expareja-al-complejo-penitenciario-ii#\"><\/a><\/p>\n\n\n\n<p>En tanto, otro de los detenidos es su padre,&nbsp;<strong>Dar\u00edo Ismael Godoy Ojeda<\/strong>, que enfrenta cargos como &#8220;part\u00edcipe necesario o encubridor&#8221;.<\/p>\n\n\n\n<p>Hasta el momento, ambos imputados permanecen detenidos en comisar\u00edas de distintas localidades del interior. Cabe destacar que, si bien al padre del presunto femicida se le hab\u00eda concedido la prisi\u00f3n domiciliaria por razones de salud, este beneficio le fue revocado tras constatarse que hab\u00eda incumplido las condiciones impuestas para gozar de las costumbres cotidianas.<\/p>\n","protected":false},"excerpt":{"rendered":"<p>En las \u00faltimas horas,\u00a0Dar\u00edo Esequiel [&hellip;]<\/p>\n","protected":false},"author":1,"featured_media":5997,"comment_status":"closed","ping_status":"closed","sticky":false,"template":"","format":"standard","meta":{"footnotes":""},"categories":[1],"tags":[],"class_list":["post-5996","post","type-post","status-publish","format-standard","has-post-thumbnail","hentry","category-sin-categoria"],"_links":{"self":[{"href":"https:\/\/infoelnordeste.com\/index.php\/wp-json\/wp\/v2\/posts\/5996","targetHints":{"allow":["GET"]}}],"collection":[{"href":"https:\/\/infoelnordeste.com\/index.php\/wp-json\/wp\/v2\/posts"}],"about":[{"href":"https:\/\/infoelnordeste.com\/index.php\/wp-json\/wp\/v2\/types\/post"}],"author":[{"embeddable":true,"href":"https:\/\/infoelnordeste.com\/index.php\/wp-json\/wp\/v2\/users\/1"}],"replies":[{"embeddable":true,"href":"https:\/\/infoelnordeste.com\/index.php\/wp-json\/wp\/v2\/comments?post=5996"}],"version-history":[{"count":1,"href":"https:\/\/infoelnordeste.com\/index.php\/wp-json\/wp\/v2\/posts\/5996\/revisions"}],"predecessor-version":[{"id":5998,"href":"https:\/\/infoelnordeste.com\/index.php\/wp-json\/wp\/v2\/posts\/5996\/revisions\/5998"}],"wp:featuredmedia":[{"embeddable":true,"href":"https:\/\/infoelnordeste.com\/index.php\/wp-json\/wp\/v2\/media\/5997"}],"wp:attachment":[{"href":"https:\/\/infoelnordeste.com\/index.php\/wp-json\/wp\/v2\/media?parent=5996"}],"wp:term":[{"taxonomy":"category","embeddable":true,"href":"https:\/\/infoelnordeste.com\/index.php\/wp-json\/wp\/v2\/categories?post=5996"},{"taxonomy":"post_tag","embeddable":true,"href":"https:\/\/infoelnordeste.com\/index.php\/wp-json\/wp\/v2\/tags?post=5996"}],"curies":[{"name":"wp","href":"https:\/\/api.w.org\/{rel}","templated":true}]}}