{"id":5984,"date":"2026-03-09T17:25:37","date_gmt":"2026-03-09T17:25:37","guid":{"rendered":"https:\/\/infoelnordeste.com\/?p=5984"},"modified":"2026-03-09T17:25:38","modified_gmt":"2026-03-09T17:25:38","slug":"indignacion-en-villa-centenario-denuncian-cables-colgando-tras-la-muerte-de-un-motociclista","status":"publish","type":"post","link":"https:\/\/infoelnordeste.com\/index.php\/2026\/03\/09\/indignacion-en-villa-centenario-denuncian-cables-colgando-tras-la-muerte-de-un-motociclista\/","title":{"rendered":"INDIGNACI\u00d3N EN VILLA CENTENARIO: DENUNCIAN CABLES COLGANDO TRAS LA MUERTE DE UN MOTOCICLISTA"},"content":{"rendered":"\n<p>&#8220;Era una tragedia anunciada&#8221;, aseguraron a NORTE los vecinos.\u00a0<a href=\"https:\/\/api.whatsapp.com\/send?text=Indignaci%C3%B3n%20en%20Villa%20Centenario:%20denuncian%20cables%20colgando%20tras%20la%20muerte%20de%20un%20motociclista%20-%20https:\/\/www.diarionorte.com\/324641-indignacion-en-villa-centenario-denuncian-cables-colgando-tras-la-muerte-de-un-motociclista?utm_source=WhatsApp%26utm_medium=WhatsApp%26utm_campaign=WhatsApp%26utm_term=WhatsApp\" target=\"_blank\" rel=\"noreferrer noopener\"><\/a><a href=\"https:\/\/www.diarionorte.com\/324641-indignacion-en-villa-centenario-denuncian-cables-colgando-tras-la-muerte-de-un-motociclista#\"><\/a><a href=\"https:\/\/www.diarionorte.com\/324641-indignacion-en-villa-centenario-denuncian-cables-colgando-tras-la-muerte-de-un-motociclista#\"><\/a><\/p>\n\n\n\n<p>Un tr\u00e1gico episodio ocurrido el pasado 28 de febrero en el barrio Villa Centenario, en la intersecci\u00f3n de Alem y Arboy Blanco de Resistencia, termin\u00f3 con la muerte de un hombre que se habr\u00eda enredado con cables sueltos mientras circulaba en motocicleta. El fallecimiento se confirm\u00f3 d\u00edas despu\u00e9s, el viernes, y gener\u00f3 fuerte indignaci\u00f3n entre los vecinos de la zona, quienes aseguran que el peligro ya hab\u00eda sido advertido.<\/p>\n\n\n\n<p>Carlos y Luis, vecinos hist\u00f3ricos del barrio, se\u00f1alaron que desde hace tiempo ven\u00edan observando cables colgando en la esquina donde ocurri\u00f3 el hecho.<a href=\"https:\/\/www.diarionorte.com\/324641-indignacion-en-villa-centenario-denuncian-cables-colgando-tras-la-muerte-de-un-motociclista#\"><\/a><\/p>\n\n\n\n<p>&#8220;Hace d\u00edas que los cables est\u00e1n todos colgando. Incluso se prendieron fuego y nadie vino a ver qu\u00e9 pasaba&#8221;, cont\u00f3 Carlos. Seg\u00fan relat\u00f3, reci\u00e9n despu\u00e9s del accidente aparecieron personas para cortar algunos cables y limpiar la zona, &#8220;como si no hubiera pasado nada&#8221;.<\/p>\n\n\n\n<p>Sin embargo, aseguran que el problema persiste. &#8220;<strong>Si miran bien, todav\u00eda hay cables colgados. Incluso vimos cables atados a \u00e1rboles. Eso fue despu\u00e9s del hecho, alguien los corri\u00f3 hacia un costado para que no molesten tanto<\/strong>&#8220;, agreg\u00f3.<\/p>\n\n\n\n<p>Luis, de 74 a\u00f1os y nacido en el barrio, afirm\u00f3 que nunca hab\u00eda visto una situaci\u00f3n similar. &#8220;Es la primera vez en la historia que pasa algo as\u00ed ac\u00e1&#8221;, expres\u00f3.<a href=\"https:\/\/www.diarionorte.com\/324641-indignacion-en-villa-centenario-denuncian-cables-colgando-tras-la-muerte-de-un-motociclista#\"><\/a><\/p>\n\n\n\n<p>El hombre relat\u00f3 que el d\u00eda del accidente estaba en su negocio, ubicado a unos 20 metros del lugar. &#8220;<strong>Vi a un se\u00f1or tirado en el medio de la calle con la moto desparramada<\/strong>. Al principio pens\u00e9 que era un choque. Hab\u00eda un auto parado m\u00e1s all\u00e1 y una camioneta ac\u00e1. Varias personas que pasaban se detuvieron para ayudarlo&#8221;, record\u00f3.<\/p>\n\n\n\n<p>Seg\u00fan su testimonio, la v\u00edctima permaneci\u00f3 cerca de media hora tendida bajo el sol hasta que lleg\u00f3 la ambulancia junto con efectivos policiales. &#8220;<strong>Despu\u00e9s reci\u00e9n supe que hab\u00eda sido por los cables&#8221;<\/strong>, explic\u00f3.<\/p>\n\n\n\n<p>Los vecinos tambi\u00e9n cuestionaron que ninguna autoridad se haya acercado a dialogar con ellos tras el hecho. &#8220;A m\u00ed nadie me entrevist\u00f3, nadie vino a preguntarme nada&#8221;, asegur\u00f3 Carlos.<\/p>\n\n\n\n<p>Adem\u00e1s del problema con los cables, los residentes denunciaron otras falencias en la zona, como p\u00e9rdidas de cloacas y falta de mantenimiento urbano. &#8220;<strong>Es un desastre. Ac\u00e1 en la esquina hay p\u00e9rdidas y el abandono es terrible<\/strong>&#8220;, afirmaron<\/p>\n\n\n\n<p>Tras el hecho, se\u00f1alaron que se instal\u00f3 una luminaria en la intersecci\u00f3n donde ocurri\u00f3 la tragedia, algo que, seg\u00fan remarcaron, nunca hab\u00eda sucedido ante<\/p>\n\n\n\n<p>Ahora, los vecinos reclaman que alguna autoridad se haga responsable y brinde respuestas. &#8220;<strong>Alguien tiene que dar la cara. Que digan por lo menos de qui\u00e9n eran esos cables, si de una empresa o de otra. Pero alguien fue el culpable<\/strong>&#8220;, concluyeron.<\/p>\n\n\n\n<p><a href=\"https:\/\/www.instagram.com\/nortetv.chaco\" target=\"_blank\" rel=\"noreferrer noopener\"><\/a><\/p>\n","protected":false},"excerpt":{"rendered":"<p>&#8220;Era una tragedia anunciada&#8221;, aseguraron [&hellip;]<\/p>\n","protected":false},"author":1,"featured_media":5986,"comment_status":"closed","ping_status":"closed","sticky":false,"template":"","format":"standard","meta":{"footnotes":""},"categories":[1],"tags":[],"class_list":["post-5984","post","type-post","status-publish","format-standard","has-post-thumbnail","hentry","category-sin-categoria"],"_links":{"self":[{"href":"https:\/\/infoelnordeste.com\/index.php\/wp-json\/wp\/v2\/posts\/5984","targetHints":{"allow":["GET"]}}],"collection":[{"href":"https:\/\/infoelnordeste.com\/index.php\/wp-json\/wp\/v2\/posts"}],"about":[{"href":"https:\/\/infoelnordeste.com\/index.php\/wp-json\/wp\/v2\/types\/post"}],"author":[{"embeddable":true,"href":"https:\/\/infoelnordeste.com\/index.php\/wp-json\/wp\/v2\/users\/1"}],"replies":[{"embeddable":true,"href":"https:\/\/infoelnordeste.com\/index.php\/wp-json\/wp\/v2\/comments?post=5984"}],"version-history":[{"count":1,"href":"https:\/\/infoelnordeste.com\/index.php\/wp-json\/wp\/v2\/posts\/5984\/revisions"}],"predecessor-version":[{"id":5987,"href":"https:\/\/infoelnordeste.com\/index.php\/wp-json\/wp\/v2\/posts\/5984\/revisions\/5987"}],"wp:featuredmedia":[{"embeddable":true,"href":"https:\/\/infoelnordeste.com\/index.php\/wp-json\/wp\/v2\/media\/5986"}],"wp:attachment":[{"href":"https:\/\/infoelnordeste.com\/index.php\/wp-json\/wp\/v2\/media?parent=5984"}],"wp:term":[{"taxonomy":"category","embeddable":true,"href":"https:\/\/infoelnordeste.com\/index.php\/wp-json\/wp\/v2\/categories?post=5984"},{"taxonomy":"post_tag","embeddable":true,"href":"https:\/\/infoelnordeste.com\/index.php\/wp-json\/wp\/v2\/tags?post=5984"}],"curies":[{"name":"wp","href":"https:\/\/api.w.org\/{rel}","templated":true}]}}