{"id":5981,"date":"2026-03-09T17:24:27","date_gmt":"2026-03-09T17:24:27","guid":{"rendered":"https:\/\/infoelnordeste.com\/?p=5981"},"modified":"2026-03-09T17:24:27","modified_gmt":"2026-03-09T17:24:27","slug":"francia-enviara-ocho-fragatas-y-un-portaaviones-para-garantizar-la-navegacion-en-el-estrecho-de-ormuz","status":"publish","type":"post","link":"https:\/\/infoelnordeste.com\/index.php\/2026\/03\/09\/francia-enviara-ocho-fragatas-y-un-portaaviones-para-garantizar-la-navegacion-en-el-estrecho-de-ormuz\/","title":{"rendered":"FRANCIA ENVIAR\u00c1 OCHO FRAGATAS Y UN PORTAAVIONES PARA GARANTIZAR LA NAVEGACI\u00d3N EN EL ESTRECHO DE ORMUZ"},"content":{"rendered":"\n<p>Con el despliegue de buques de guerra y un portaaviones, Francia busca garantizar la seguridad mar\u00edtima y reafirmar su liderazgo en la respuesta europea al conflicto. &#8220;Cuando se ataca a Chipre, se ataca a Europa&#8221;, dijo el presidente franc\u00e9s.<a href=\"https:\/\/api.whatsapp.com\/send?text=Francia%20enviar%C3%A1%20ocho%20fragatas%20y%20un%20portaaviones%20para%20garantizar%20la%20navegaci%C3%B3n%20en%20el%20estrecho%20de%20Ormuz%20-%20https:\/\/www.diarionorte.com\/324644-francia-enviara-ocho-fragatas-y-un-portaaviones-para-garantizar-la-navegacion-en-el-estrecho-de-ormuz?utm_source=WhatsApp%26utm_medium=WhatsApp%26utm_campaign=WhatsApp%26utm_term=WhatsApp\" target=\"_blank\" rel=\"noreferrer noopener\"><\/a><a href=\"https:\/\/www.diarionorte.com\/324644-francia-enviara-ocho-fragatas-y-un-portaaviones-para-garantizar-la-navegacion-en-el-estrecho-de-ormuz#\"><\/a><a href=\"https:\/\/www.diarionorte.com\/324644-francia-enviara-ocho-fragatas-y-un-portaaviones-para-garantizar-la-navegacion-en-el-estrecho-de-ormuz#\"><\/a><\/p>\n\n\n\n<p>&#8220;Cuando se ataca a Chipre, se ataca a Europa&#8221;. As\u00ed lo advirti\u00f3 este lunes el presidente de Francia, Emmanuel Macron, durante una visita a Chipre, la isla integrante de la Uni\u00f3n Europea, en la mira de los misiles de Ir\u00e1n en la segunda semana del conflicto.<\/p>\n\n\n\n<p>Junto al presidente de Chipre, Nikos Jristodulidis, y el primer ministro de Grecia, Kiriakos Mitsotakis, Macron subray\u00f3 que la defensa de la isla mediterr\u00e1nea es &#8220;una cuesti\u00f3n esencial para su pa\u00eds, para su vecino, socio y amigo, Grecia, pero tambi\u00e9n para Francia y con ella, la Uni\u00f3n Europea&#8221;.<\/p>\n\n\n\n<p>&#8220;El primer objetivo de este viaje a su lado es mostrar la plena solidaridad con Chipre, que la semana pasada fue blanco de varios ataques con drones y misiles. Cuando se ataca a Chipre, se ataca a Europa&#8221;, declar\u00f3 Macron<a href=\"https:\/\/www.diarionorte.com\/324644-francia-enviara-ocho-fragatas-y-un-portaaviones-para-garantizar-la-navegacion-en-el-estrecho-de-ormuz#\"><\/a><\/p>\n\n\n\n<h2 class=\"wp-block-heading\">Ocho fragatas<\/h2>\n\n\n\n<p>Macron anunci\u00f3 que enviar\u00e1 a la regi\u00f3n &#8220;ocho fragatas&#8221;, una movilizaci\u00f3n que calific\u00f3 de &#8220;sin precedentes&#8221;, que se sumar\u00e1n a otras dos anunciadas la pasada semana.<\/p>\n\n\n\n<p>&#8220;La presencia francesa, que se desplegar\u00e1 desde el Mediterr\u00e1neo Oriental hasta el mar Rojo y (&#8230;) frente a las costas de (el estrecho de ) Ormuz, movilizar\u00e1 ocho fragatas, dos porta-helic\u00f3pteros anfibios y nuestro portaaviones&#8221; Charles de Gaulle, dijo Macron desde Pafos.<\/p>\n\n\n\n<p>Y a\u00f1adi\u00f3: &#8220;El objetivo de Francia es contribuir a la distensi\u00f3n, a la seguridad de nuestros ciudadanos, a la seguridad de nuestros socios y a la libertad de navegaci\u00f3n y la seguridad mar\u00edtima&#8221;.<\/p>\n\n\n\n<h2 class=\"wp-block-heading\">La guerra se siente en Europa<\/h2>\n\n\n\n<p>Por primera vez, la guerra en Ir\u00e1n se siente en Europa. Los pa\u00edses est\u00e1n dispuestos a utilizar sus reservas estrat\u00e9gicas de petr\u00f3leo y gas ante la disparada de sus precios a causa del conflicto. El gas y el petr\u00f3leo se han duplicado en sus precios en las estaciones de servicio y esto va a tener un enorme impacto en el costo de vida en Francia.<\/p>\n\n\n\n<p>&#8220;Las repercusiones de la guerra en Oriente Medio ya son una realidad en la Uni\u00f3n Europea. Con el aumento de los precios de la energ\u00eda y las bases de la OTAN en la mira en Chipre&#8221;, advirti\u00f3 el lunes la presidenta de la Comisi\u00f3n Europea, Ursula von der Leyen.<\/p>\n\n\n\n<p>&#8220;Nuestros ciudadanos est\u00e1n atrapados en el fuego cruzado. Nuestros socios est\u00e1n siendo atacados&#8221;, enfatiz\u00f3 ante los embajadores de la UE, antes de una llamada programada para el mediod\u00eda con los l\u00edderes de Oriente Medio.<br>El precio del petr\u00f3leo se dispar\u00f3 el lunes, acerc\u00e1ndose brevemente a los 120 d\u00f3lares por barril debido al conflicto en curso y al continuo bloqueo del estrecho de Ormuz. Los precios europeos del gas subieron alrededor de un 30% el lunes, pero se mantienen muy por debajo de los niveles alcanzados en 2022, tras la invasi\u00f3n rusa de Ucrania.<\/p>\n\n\n\n<p>Von der Leyen enfatiz\u00f3 que el pueblo iran\u00ed &#8220;merece libertad&#8221;, aunque advirti\u00f3: &#8220;sabemos que esto estar\u00e1 plagado de peligros e inestabilidad durante y despu\u00e9s de la guerra. El impacto a largo plazo ya plantea cuestiones existenciales&#8221;.<\/p>\n\n\n\n<p>La Comisi\u00f3n Europea subray\u00f3 el lunes que no existe riesgo de una escasez inminente de suministro de petr\u00f3leo en Europa en relaci\u00f3n con el impacto de la guerra en Oriente Medio en el sector energ\u00e9tico. Todos los Estados miembros deben contar con reservas de emergencia para 90 d\u00edas.<br>&#8220;Los Estados miembros deben informar a la Comisi\u00f3n cuando liberen estas reservas. Hasta donde sabemos, ning\u00fan Estado miembro lo ha hecho todav\u00eda&#8221;, declar\u00f3 la portavoz de la Comisi\u00f3n Europea, Anna-Kaisa Itkonen<\/p>\n\n\n\n<h2 class=\"wp-block-heading\">El ataque a Chipre<\/h2>\n\n\n\n<p>Chipre, presidenta de la Uni\u00f3n Europea pero no miembro de la OTAN, est\u00e1 siendo atacada por drones lanzados desde L\u00edbano por Hezbollah. Hay dos bases militares brit\u00e1nicas y en Akrotiri ha habido ataques.<\/p>\n\n\n\n<p>Macron se reuni\u00f3 con Nikos Christodoulides, su par chipriota, y con el canciller Mitsotakis en Pafos, en el oeste de Chipre, donde Grecia despleg\u00f3 sus cuatro F-16 el lunes. Los aviones fueron enviados al aeropuerto de Pafos, que est\u00e1 experimentando una importante expansi\u00f3n con el apoyo parcial de Estados Unidos.<\/p>\n\n\n\n<p>Los estadounidenses apoyan la modernizaci\u00f3n de la base a\u00e9rea de Pafos. &#8220;Todos juran ciegamente que no ser\u00e1 una base estadounidense. Pero probablemente lo ser\u00e1 en todo menos en el nombre&#8221;, declar\u00f3 Fiona Mullen, analista pol\u00edtica y econ\u00f3mica residente en Chipre.<br>&#8220;Este viaje pretende demostrar la solidaridad de Francia con Chipre, un Estado miembro de la Uni\u00f3n Europea con el que tenemos una asociaci\u00f3n estrat\u00e9gica&#8221; y que recientemente fue alcanzado &#8220;por varios ataques con drones y misiles&#8221;, declar\u00f3 el El\u00edseo.<br>Esto tambi\u00e9n permitir\u00e1 a Macron &#8220;enfatizar la importancia de garantizar la libertad de navegaci\u00f3n y la seguridad mar\u00edtima en el mar Rojo y el estrecho de Ormuz, en particular a trav\u00e9s de la operaci\u00f3n mar\u00edtima Aspides de la Uni\u00f3n Europea&#8221;, a\u00f1adi\u00f3.<\/p>\n\n\n\n<h2 class=\"wp-block-heading\">Las ambiciones de Francia<\/h2>\n\n\n\n<p>Ese contraste agudizar\u00e1 la impresi\u00f3n de que el presidente franc\u00e9s busca proyectarse como el principal estadista de Europa en tiempos de guerra.<\/p>\n\n\n\n<p>El viaje se produce d\u00edas despu\u00e9s de que anunciara el primer aumento del arsenal nuclear franc\u00e9s desde la d\u00e9cada de 1990. Revel\u00f3 una doctrina de disuasi\u00f3n ampliada, bajo la cual los estados europeos aliados, incluyendo potencialmente al Reino Unido, podr\u00edan quedar bajo el paraguas nuclear franc\u00e9s.<\/p>\n\n\n\n<p>La incapacidad de Gran Breta\u00f1a para proteger la base Akrotiri de los ataques con drones y la demora en el env\u00edo del HMS Dragon a la isla han inquietado a los chipriotas.<\/p>\n\n\n\n<p>Mullen, directora de Sapienta Economics, declar\u00f3: &#8220;Creo que est\u00e1n decepcionados con los brit\u00e1nicos. Siempre ha habido un malestar subyacente con la presencia de las bases brit\u00e1nicas&#8221;. Se les considera un legado del colonialismo. Pero el pacto t\u00e1cito sol\u00eda ser: &#8220;Puede que no nos guste, pero nos protegen de los ataques&#8221;. Sin embargo, un dron logra pasar y la gente dice: &#8220;Pens\u00e1bamos que podr\u00edan protegernos y no pudieron&#8221;.<\/p>\n\n\n\n<p>Ese descontento aflor\u00f3 el s\u00e1bado cuando cientos de manifestantes marcharon por Nicosia exigiendo la eliminaci\u00f3n de las dos bases militares.<\/p>\n\n\n\n<p>La imagen es inc\u00f3moda para Sir Keir Starmer. Una base brit\u00e1nica en Chipre ha sido atacada, pero es Francia la que ha desplegado fuerzas cerca de la isla con mayor rapidez y Macron quien llega en persona.<\/p>\n\n\n\n<h2 class=\"wp-block-heading\">El protagonismo de Macron<\/h2>\n\n\n\n<p>Emmanuel Macron visit\u00f3 el portaaviones Charles de Gaulle el lunes por la tarde. El buque se encuentra actualmente frente a la costa de Creta, en el Mediterr\u00e1neo oriental, donde ha sido desplegado para abordar la situaci\u00f3n en Oriente Medio, seg\u00fan anunci\u00f3 el Palacio del El\u00edseo.<br>El presidente franc\u00e9s se reunir\u00e1 con los marineros del grupo de ataque del portaaviones, indic\u00f3 la misma fuente. El despliegue del portaaviones tiene como objetivo &#8220;reforzar los recursos militares ya presentes en la regi\u00f3n para garantizar la seguridad de Francia, sus ciudadanos y sus bases, as\u00ed como la de sus aliados&#8221;.<\/p>\n\n\n\n<p>La visita de Macron situar\u00e1 a Francia al frente de la respuesta militar europea al conflicto con Ir\u00e1n. El presidente franc\u00e9s realiza el viaje mientras el destructor prometido por Gran Breta\u00f1a a\u00fan no ha salido del Reino Unido.<br>Macron tambi\u00e9n habl\u00f3 con Masoud Pezeshkian, el presidente iran\u00ed, el domingo por la noche. Inst\u00f3 a Ir\u00e1n a detener los ataques contra otros pa\u00edses de la regi\u00f3n y a poner fin al cierre del estrecho de Ormuz.<br>Macron, el primer l\u00edder occidental conocido en mantener una conversaci\u00f3n telef\u00f3nica directa con Teher\u00e1n desde el inicio de la guerra, tambi\u00e9n reiter\u00f3 la postura de Francia de que es necesaria una soluci\u00f3n diplom\u00e1tica para poner fin al conflicto.<br>Chipre no quiere ser un objetivo militar en la guerra contra Ir\u00e1n sino &#8220;una base humanitaria y de mediaci\u00f3n&#8221;.<\/p>\n\n\n\n<h2 class=\"wp-block-heading\">Se ampl\u00eda la guerra<\/h2>\n\n\n\n<p>Sin ser parte de Europa pero s\u00ed de la OTAN, Turqu\u00eda envi\u00f3 a Chipre seis aviones de combate de protecci\u00f3n este lunes, cuando Estados Unidos ordena la evacuaci\u00f3n de su personal diplom\u00e1tico y sus familias del sur de Turqu\u00eda. Un segundo misil iran\u00ed cay\u00f3 este lunes en Turqu\u00eda. La guerra se ampl\u00eda peligrosamente, a pesar de los pedidos de los pa\u00edses del Golfo a Ir\u00e1n para que deje de atacarlos.<\/p>\n\n\n\n<p>Ir\u00e1n ha acusado a pa\u00edses europeos, incluida Francia, de contribuir a la creaci\u00f3n de condiciones propicias para los ataques estadounidenses e israel\u00edes, seg\u00fan el portavoz del Ministerio de Asuntos Exteriores iran\u00ed, Esmail Baghai.<\/p>\n\n\n\n<h2 class=\"wp-block-heading\">Flotilla europea a Chipre<\/h2>\n\n\n\n<p>Una flotilla de buques europeos se dirige a Chipre tras el ataque con drones de la semana pasada contra la base de la RAF Akrotiri. La fragata alemana FGS Nordrhein-Westfalen lleg\u00f3 al puerto chipriota de Limassol el domingo, mientras que la francesa Languedoc zarp\u00f3 hacia aguas chipriotas la semana pasada.<\/p>\n\n\n\n<p>Italia env\u00eda el Federico Martinengo, Espa\u00f1a el Crist\u00f3bal Col\u00f3n y Grecia ya ha enviado cuatro cazas F-16 y dos fragatas. Estas incluyen el Kimon, descrito por Kyriakos Mitsotakis, primer ministro griego, como el &#8220;orgullo de la flota griega&#8221;.<\/p>\n\n\n\n<p>En cambio, el HMS Dragon, el destructor que Gran Breta\u00f1a prometi\u00f3 enviar tras el ataque, a\u00fan no ha salido de Portsmouth. Se espera que tarde m\u00e1s de una semana en llegar porque los encargados del mantenimiento solo trabajan de 9 a 5 de la tarde en Gran Breta\u00f1a.<\/p>\n\n\n\n<h2 class=\"wp-block-heading\">Falta de perspicacia estrat\u00e9gica<\/h2>\n\n\n\n<p>Rishi Sunak, ex primer ministro conservador brit\u00e1nico, critic\u00f3 el retraso. Afirm\u00f3 que el Gobierno laborista carec\u00eda de &#8220;perspicacia estrat\u00e9gica&#8221;.<\/p>\n\n\n\n<p>Sunak escribi\u00f3 en The Times: &#8220;Con la antelaci\u00f3n con la que tuvimos conocimiento de estos ataques, \u00bfpor qu\u00e9 no se desplaz\u00f3 ning\u00fan barco al Mediterr\u00e1neo para ayudar a proteger nuestros intereses y a nuestros aliados?&#8221;.<\/p>\n\n\n\n<p>&#8220;Es francamente vergonzoso que los franceses parezcan estar haciendo m\u00e1s por proteger Chipre que nosotros, a pesar de que la isla solo es un objetivo debido a nuestras bases soberanas all\u00ed&#8221;.<br>Es la primera vez que Gran Breta\u00f1a no desplaza barcos en el Mediterr\u00e1neo ante un conflicto, lo que refleja la crisis presupuestaria de las fuerzas armadas brit\u00e1nicas.<\/p>\n","protected":false},"excerpt":{"rendered":"<p>Con el despliegue de buques [&hellip;]<\/p>\n","protected":false},"author":1,"featured_media":5982,"comment_status":"closed","ping_status":"closed","sticky":false,"template":"","format":"standard","meta":{"footnotes":""},"categories":[1],"tags":[],"class_list":["post-5981","post","type-post","status-publish","format-standard","has-post-thumbnail","hentry","category-sin-categoria"],"_links":{"self":[{"href":"https:\/\/infoelnordeste.com\/index.php\/wp-json\/wp\/v2\/posts\/5981","targetHints":{"allow":["GET"]}}],"collection":[{"href":"https:\/\/infoelnordeste.com\/index.php\/wp-json\/wp\/v2\/posts"}],"about":[{"href":"https:\/\/infoelnordeste.com\/index.php\/wp-json\/wp\/v2\/types\/post"}],"author":[{"embeddable":true,"href":"https:\/\/infoelnordeste.com\/index.php\/wp-json\/wp\/v2\/users\/1"}],"replies":[{"embeddable":true,"href":"https:\/\/infoelnordeste.com\/index.php\/wp-json\/wp\/v2\/comments?post=5981"}],"version-history":[{"count":1,"href":"https:\/\/infoelnordeste.com\/index.php\/wp-json\/wp\/v2\/posts\/5981\/revisions"}],"predecessor-version":[{"id":5983,"href":"https:\/\/infoelnordeste.com\/index.php\/wp-json\/wp\/v2\/posts\/5981\/revisions\/5983"}],"wp:featuredmedia":[{"embeddable":true,"href":"https:\/\/infoelnordeste.com\/index.php\/wp-json\/wp\/v2\/media\/5982"}],"wp:attachment":[{"href":"https:\/\/infoelnordeste.com\/index.php\/wp-json\/wp\/v2\/media?parent=5981"}],"wp:term":[{"taxonomy":"category","embeddable":true,"href":"https:\/\/infoelnordeste.com\/index.php\/wp-json\/wp\/v2\/categories?post=5981"},{"taxonomy":"post_tag","embeddable":true,"href":"https:\/\/infoelnordeste.com\/index.php\/wp-json\/wp\/v2\/tags?post=5981"}],"curies":[{"name":"wp","href":"https:\/\/api.w.org\/{rel}","templated":true}]}}