{"id":5969,"date":"2026-03-08T05:39:04","date_gmt":"2026-03-08T05:39:04","guid":{"rendered":"https:\/\/infoelnordeste.com\/?p=5969"},"modified":"2026-03-09T17:18:22","modified_gmt":"2026-03-09T17:18:22","slug":"corrientes-sigue-en-alerta-por-tormentas-para-domingo-y-lunes","status":"publish","type":"post","link":"https:\/\/infoelnordeste.com\/index.php\/2026\/03\/08\/corrientes-sigue-en-alerta-por-tormentas-para-domingo-y-lunes\/","title":{"rendered":"Corrientes sigue en alerta por tormentas para domingo y lunes"},"content":{"rendered":"\n<h4 class=\"wp-block-heading\">El Servicio Meteorol\u00f3gico Nacional (SMN) muestra que persiste la alerta por lluvias y tormentas para la Capital provincial y otras localidades para ambas jornadas. Te contamos tambi\u00e9n c\u00f3mo se vendr\u00e1 para esta semana el tiempo y si podr\u00edan seguir las probabilidades de lluvias. \u00a0<\/h4>\n\n\n\n<p>El \u00e1rea de cobertura del anuncio de tormentas incluye a Ber\u00f3n de Astrada, Capital, Empedrado, General Paz, Itat\u00ed, Mburucuy\u00e1, Saladas, San Cosme y San Luis del Palmar.<\/p>\n\n\n\n<figure class=\"wp-block-image size-full\"><img loading=\"lazy\" decoding=\"async\" width=\"900\" height=\"228\" src=\"https:\/\/infoelnordeste.com\/wp-content\/uploads\/2026\/03\/image-55.png\" alt=\"\" class=\"wp-image-5971\" srcset=\"https:\/\/infoelnordeste.com\/wp-content\/uploads\/2026\/03\/image-55.png 900w, https:\/\/infoelnordeste.com\/wp-content\/uploads\/2026\/03\/image-55-300x76.png 300w, https:\/\/infoelnordeste.com\/wp-content\/uploads\/2026\/03\/image-55-768x195.png 768w\" sizes=\"auto, (max-width: 900px) 100vw, 900px\" \/><\/figure>\n\n\n\n<p>El organismo indic\u00f3 que el \u00e1rea ser\u00e1 afectada por tormentas aisladas de variada intensidad, algunas localmente fuertes. Las mismas estar\u00e1n acompa\u00f1adas principalmente por lluvias abundantes en cortos per\u00edodos, actividad el\u00e9ctrica frecuente, ocasional ca\u00edda de granizo y r\u00e1fagas que pueden superar los 60 km\/h.<\/p>\n\n\n\n<p>Se prev\u00e9n valores de precipitaci\u00f3n acumulada entre 30 y 60 mm, que pueden ser superados de manera puntual.<\/p>\n\n\n\n<figure class=\"wp-block-image size-large\"><img loading=\"lazy\" decoding=\"async\" width=\"604\" height=\"1024\" src=\"https:\/\/infoelnordeste.com\/wp-content\/uploads\/2026\/03\/image-56-604x1024.png\" alt=\"\" class=\"wp-image-5972\" srcset=\"https:\/\/infoelnordeste.com\/wp-content\/uploads\/2026\/03\/image-56-604x1024.png 604w, https:\/\/infoelnordeste.com\/wp-content\/uploads\/2026\/03\/image-56-177x300.png 177w, https:\/\/infoelnordeste.com\/wp-content\/uploads\/2026\/03\/image-56-768x1301.png 768w, https:\/\/infoelnordeste.com\/wp-content\/uploads\/2026\/03\/image-56.png 900w\" sizes=\"auto, (max-width: 604px) 100vw, 604px\" \/><\/figure>\n\n\n\n<p>Ante una alerta amarilla, se recomienda evitar salir, no sacar la basura y limpiar desag\u00fces y sumideros. Tambi\u00e9n desconectar los electrodom\u00e9sticos y cortar el suministro el\u00e9ctrico si ingresa agua, cerrar y alejarse de puertas y ventanas, retirar o asegurar objetos que puedan ser arrastrados por el viento y si se est\u00e1 al aire libre, buscar refugio inmediato en un edificio, casa o veh\u00edculo cerrado.<\/p>\n\n\n\n<figure class=\"wp-block-image size-full\"><img loading=\"lazy\" decoding=\"async\" width=\"900\" height=\"695\" src=\"https:\/\/infoelnordeste.com\/wp-content\/uploads\/2026\/03\/image-57.png\" alt=\"\" class=\"wp-image-5973\" srcset=\"https:\/\/infoelnordeste.com\/wp-content\/uploads\/2026\/03\/image-57.png 900w, https:\/\/infoelnordeste.com\/wp-content\/uploads\/2026\/03\/image-57-300x232.png 300w, https:\/\/infoelnordeste.com\/wp-content\/uploads\/2026\/03\/image-57-768x593.png 768w\" sizes=\"auto, (max-width: 900px) 100vw, 900px\" \/><\/figure>\n","protected":false},"excerpt":{"rendered":"<p>El Servicio Meteorol\u00f3gico Nacional (SMN) [&hellip;]<\/p>\n","protected":false},"author":1,"featured_media":5970,"comment_status":"closed","ping_status":"closed","sticky":false,"template":"","format":"standard","meta":{"footnotes":""},"categories":[2],"tags":[],"class_list":["post-5969","post","type-post","status-publish","format-standard","has-post-thumbnail","hentry","category-locales"],"_links":{"self":[{"href":"https:\/\/infoelnordeste.com\/index.php\/wp-json\/wp\/v2\/posts\/5969","targetHints":{"allow":["GET"]}}],"collection":[{"href":"https:\/\/infoelnordeste.com\/index.php\/wp-json\/wp\/v2\/posts"}],"about":[{"href":"https:\/\/infoelnordeste.com\/index.php\/wp-json\/wp\/v2\/types\/post"}],"author":[{"embeddable":true,"href":"https:\/\/infoelnordeste.com\/index.php\/wp-json\/wp\/v2\/users\/1"}],"replies":[{"embeddable":true,"href":"https:\/\/infoelnordeste.com\/index.php\/wp-json\/wp\/v2\/comments?post=5969"}],"version-history":[{"count":1,"href":"https:\/\/infoelnordeste.com\/index.php\/wp-json\/wp\/v2\/posts\/5969\/revisions"}],"predecessor-version":[{"id":5974,"href":"https:\/\/infoelnordeste.com\/index.php\/wp-json\/wp\/v2\/posts\/5969\/revisions\/5974"}],"wp:featuredmedia":[{"embeddable":true,"href":"https:\/\/infoelnordeste.com\/index.php\/wp-json\/wp\/v2\/media\/5970"}],"wp:attachment":[{"href":"https:\/\/infoelnordeste.com\/index.php\/wp-json\/wp\/v2\/media?parent=5969"}],"wp:term":[{"taxonomy":"category","embeddable":true,"href":"https:\/\/infoelnordeste.com\/index.php\/wp-json\/wp\/v2\/categories?post=5969"},{"taxonomy":"post_tag","embeddable":true,"href":"https:\/\/infoelnordeste.com\/index.php\/wp-json\/wp\/v2\/tags?post=5969"}],"curies":[{"name":"wp","href":"https:\/\/api.w.org\/{rel}","templated":true}]}}